{"id":1354,"date":"2015-12-13T09:00:30","date_gmt":"2015-12-13T00:00:30","guid":{"rendered":"https:\/\/newlifeconcert.org\/16th-new-life-concert\/"},"modified":"2022-02-23T10:18:01","modified_gmt":"2022-02-23T01:18:01","slug":"16th-new-life-concert","status":"publish","type":"post","link":"https:\/\/newlifeconcert.org\/es\/16th-new-life-concert\/","title":{"rendered":"Un momento alegre para hacerse uno a trav\u00e9s del amor al pr\u00f3jimo"},"content":{"rendered":"<figure class=\"full-width\">\n <picture class=\"copyright\"><source media=\"(max-width:450px)\" srcset=\"\/wp-content\/themes\/iwf\/images\/posts\/news_151213_01.jpg\"><img decoding=\"async\" src=\"\/wp-content\/themes\/iwf\/images\/posts\/news_151213_01.jpg\" \n   srcset=\"\/wp-content\/themes\/iwf\/images\/posts\/news_151213_01.jpg,\n           \/wp-content\/themes\/iwf\/images\/posts\/news_151213_01@2x.jpg 2x\" alt=\"\">\n <\/picture>\n<\/figure>\n<p>Un fr\u00edo d\u00eda de invierno se llev\u00f3 a cabo un evento en el que todos se hicieron uno a trav\u00e9s del amor al pr\u00f3jimo. El 13 de diciembre de 2015 se llev\u00f3 a cabo el 16.\u00ba Concierto Nueva Vida en la Arena de Jamsil, Se\u00fal. M\u00e1s de 15 000 miembros y ciudadanos se reunieron para el evento que fue organizado por la Fundaci\u00f3n Internacional WeLoveU y patrocinado por el Ministerio de Salud y Bienestar de Corea, la Ciudad Metropolitana de Se\u00fal, la Asociaci\u00f3n de Prevenci\u00f3n del Abuso Infantil de Corea y el Hospital General de Sejong. A este evento asistieron representantes de la fundaci\u00f3n, incluyendo la Presidenta Honoraria Zahng Gil-jah, y personalidades de los campos de la pol\u00edtica, la educaci\u00f3n, la cultura y las artes, y enviados diplom\u00e1ticos de m\u00e1s de 20 pa\u00edses.<\/p>\n<h2>El Concierto Nueva Vida transmite amor por el pr\u00f3jimo<\/h2>\n<p>El amor al pr\u00f3jimo calienta esta sociedad sin coraz\u00f3n y da nueva fuerza a aquellos que llevan una vida agotadora. La Presidenta Honoraria Zahng Gil-jah expres\u00f3 su gratitud a los participantes que se reunieron para compartir el amor con el pr\u00f3jimo, y dese\u00f3 que las canciones de amor que resonar\u00edan en el concierto se convirtieran en la esperanza y la luz, haciendo un milagro que diera fuerza a nuestro pr\u00f3jimo agotado. Los enviados diplom\u00e1ticos extranjeros en Corea pronunciaron sus discursos de felicitaci\u00f3n, elogiaron los diversos servicios voluntarios de la fundaci\u00f3n para ayudar a nuestro pr\u00f3jimo en la aldea global y expresaron su esperanza de continuar trabajando junto con la Fundaci\u00f3n Internacional WeLoveU por la paz y la felicidad de la humanidad.<\/p>\n<div class=\"img-grid\">\n<div class=\"img-grid-inner\">\n<figure>\n     <picture class=\"copyright\"><source media=\"(max-width:450px)\" srcset=\"\/wp-content\/themes\/iwf\/images\/posts\/news_151213_02.jpg\"><img decoding=\"async\" src=\"\/wp-content\/themes\/iwf\/images\/posts\/news_151213_02.jpg\"\n       srcset=\"\/wp-content\/themes\/iwf\/images\/posts\/news_151213_02.jpg,\n               \/wp-content\/themes\/iwf\/images\/posts\/news_151213_02@2x.jpg 2x\">\n    <\/picture>\n   <\/figure>\n<figure>\n     <picture class=\"copyright\"><source media=\"(max-width:450px)\" srcset=\"\/wp-content\/themes\/iwf\/images\/posts\/news_151213_03.jpg\"><img decoding=\"async\" src=\"\/wp-content\/themes\/iwf\/images\/posts\/news_151213_03.jpg\"\n       srcset=\"\/wp-content\/themes\/iwf\/images\/posts\/news_151213_03.jpg,\n               \/wp-content\/themes\/iwf\/images\/posts\/news_151213_03@2x.jpg 2x\">\n    <\/picture>\n   <\/figure>\n<figure>\n     <picture class=\"copyright\"><source media=\"(max-width:450px)\" srcset=\"\/wp-content\/themes\/iwf\/images\/posts\/news_151213_04.jpg\"><img decoding=\"async\" src=\"\/wp-content\/themes\/iwf\/images\/posts\/news_151213_04.jpg\"\n       srcset=\"\/wp-content\/themes\/iwf\/images\/posts\/news_151213_04.jpg,\n               \/wp-content\/themes\/iwf\/images\/posts\/news_151213_04@2x.jpg 2x\">\n    <\/picture>\n   <\/figure>\n<figure>\n     <picture class=\"copyright\"><source media=\"(max-width:450px)\" srcset=\"\/wp-content\/themes\/iwf\/images\/posts\/news_151213_05.jpg\"><img decoding=\"async\" src=\"\/wp-content\/themes\/iwf\/images\/posts\/news_151213_05.jpg\"\n       srcset=\"\/wp-content\/themes\/iwf\/images\/posts\/news_151213_05.jpg,\n               \/wp-content\/themes\/iwf\/images\/posts\/news_151213_05@2x.jpg 2x\">\n    <\/picture>\n   <\/figure>\n<\/p><\/div>\n<\/div>\n<p>En este d\u00eda, la <a href=\"https:\/\/intlweloveu.org\/es\/\" rel=\"noopener\" target=\"_blank\">fundaci\u00f3n<\/a> proporcion\u00f3 apoyo con gastos m\u00e9dicos y de manutenci\u00f3n a 84 hogares que viven en los puntos ciegos del bienestar, como ni\u00f1os con enfermedades raras o incurables, ancianos que viven solos y hogares encabezados por adolescentes, hogares monoparentales, hogares encabezados por abuelos, hogares de escasos recursos y familias multiculturales. Tambi\u00e9n se entregaron donaciones que conten\u00edan gratitud y aliento a las familias de los bomberos que trabajan duro d\u00eda y noche por la seguridad de los ciudadanos.<\/p>\n<div class=\"img-grid\">\n<div class=\"img-grid-inner\">\n<figure>\n     <picture class=\"copyright\"><source media=\"(max-width:450px)\" srcset=\"\/wp-content\/themes\/iwf\/images\/posts\/news_151213_06.jpg\"><img decoding=\"async\" src=\"\/wp-content\/themes\/iwf\/images\/posts\/news_151213_06.jpg\"\n       srcset=\"\/wp-content\/themes\/iwf\/images\/posts\/news_151213_06.jpg,\n               \/wp-content\/themes\/iwf\/images\/posts\/news_151213_06@2x.jpg 2x\">\n    <\/picture>\n   <\/figure>\n<figure>\n     <picture class=\"copyright\"><source media=\"(max-width:450px)\" srcset=\"\/wp-content\/themes\/iwf\/images\/posts\/news_151213_07.jpg\"><img decoding=\"async\" src=\"\/wp-content\/themes\/iwf\/images\/posts\/news_151213_07.jpg\"\n       srcset=\"\/wp-content\/themes\/iwf\/images\/posts\/news_151213_07.jpg,\n               \/wp-content\/themes\/iwf\/images\/posts\/news_151213_07@2x.jpg 2x\">\n    <\/picture>\n   <\/figure>\n<\/p><\/div>\n<\/div>\n<h2>El amor al pr\u00f3jimo trae felicidad tanto a los que dan como a los que reciben<\/h2>\n<p>En la ceremonia de donaci\u00f3n, la Presidenta Honoraria Zahng Gil-jah entreg\u00f3 personalmente a los beneficiarios certificados de donaci\u00f3n y obsequios conteniendo amor por el pr\u00f3jimo. La audiencia vitore\u00f3 con fuertes aplausos, con la esperanza de que su pr\u00f3jimo recibiera esperanza y consuelo y se mantuviera abrigado todo el invierno. Luego comenz\u00f3 la segunda parte del Concierto Nueva Vida. Pese a su apretada agenda, los cantantes vinieron a compartir el amor con su pr\u00f3jimo y pusieron todo su coraz\u00f3n y alma en sus actuaciones. Aunque los artistas vinieron a donar su talento para dar fuerza a su pr\u00f3jimo, todos dijeron que fueron ellos quienes recibieron fuerza, y expresaron su gratitud por ser parte de este significativo evento para compartir.<\/p>\n<div class=\"img-grid\">\n<div class=\"img-grid-inner\">\n<figure>\n     <picture class=\"copyright\"><source media=\"(max-width:450px)\" srcset=\"\/wp-content\/themes\/iwf\/images\/posts\/news_151213_08.jpg\"><img decoding=\"async\" src=\"\/wp-content\/themes\/iwf\/images\/posts\/news_151213_08.jpg\"\n       srcset=\"\/wp-content\/themes\/iwf\/images\/posts\/news_151213_08.jpg,\n               \/wp-content\/themes\/iwf\/images\/posts\/news_151213_08@2x.jpg 2x\">\n    <\/picture>\n   <\/figure>\n<figure>\n     <picture class=\"copyright\"><source media=\"(max-width:450px)\" srcset=\"\/wp-content\/themes\/iwf\/images\/posts\/news_151213_09.jpg\"><img decoding=\"async\" src=\"\/wp-content\/themes\/iwf\/images\/posts\/news_151213_09.jpg\"\n       srcset=\"\/wp-content\/themes\/iwf\/images\/posts\/news_151213_09.jpg,\n               \/wp-content\/themes\/iwf\/images\/posts\/news_151213_09@2x.jpg 2x\">\n    <\/picture>\n   <\/figure>\n<figure>\n     <picture class=\"copyright\"><source media=\"(max-width:450px)\" srcset=\"\/wp-content\/themes\/iwf\/images\/posts\/news_151213_10.jpg\"><img decoding=\"async\" src=\"\/wp-content\/themes\/iwf\/images\/posts\/news_151213_10.jpg\"\n       srcset=\"\/wp-content\/themes\/iwf\/images\/posts\/news_151213_10.jpg,\n               \/wp-content\/themes\/iwf\/images\/posts\/news_151213_10@2x.jpg 2x\">\n    <\/picture>\n   <\/figure>\n<figure>\n     <picture class=\"copyright\"><source media=\"(max-width:450px)\" srcset=\"\/wp-content\/themes\/iwf\/images\/posts\/news_151213_11.jpg\"><img decoding=\"async\" src=\"\/wp-content\/themes\/iwf\/images\/posts\/news_151213_11.jpg\"\n       srcset=\"\/wp-content\/themes\/iwf\/images\/posts\/news_151213_11.jpg,\n               \/wp-content\/themes\/iwf\/images\/posts\/news_151213_11@2x.jpg 2x\">\n    <\/picture>\n   <\/figure>\n<figure>\n     <picture class=\"copyright\"><source media=\"(max-width:450px)\" srcset=\"\/wp-content\/themes\/iwf\/images\/posts\/news_151213_12.jpg\"><img decoding=\"async\" src=\"\/wp-content\/themes\/iwf\/images\/posts\/news_151213_12.jpg\"\n       srcset=\"\/wp-content\/themes\/iwf\/images\/posts\/news_151213_12.jpg,\n               \/wp-content\/themes\/iwf\/images\/posts\/news_151213_12@2x.jpg 2x\">\n    <\/picture>\n   <\/figure>\n<figure>\n     <picture class=\"copyright\"><source media=\"(max-width:450px)\" srcset=\"\/wp-content\/themes\/iwf\/images\/posts\/news_151213_13.jpg\"><img decoding=\"async\" src=\"\/wp-content\/themes\/iwf\/images\/posts\/news_151213_13.jpg\"\n       srcset=\"\/wp-content\/themes\/iwf\/images\/posts\/news_151213_13.jpg,\n               \/wp-content\/themes\/iwf\/images\/posts\/news_151213_13@2x.jpg 2x\">\n    <\/picture>\n   <\/figure>\n<figure>\n     <picture class=\"copyright\"><source media=\"(max-width:450px)\" srcset=\"\/wp-content\/themes\/iwf\/images\/posts\/news_151213_14.jpg\"><img decoding=\"async\" src=\"\/wp-content\/themes\/iwf\/images\/posts\/news_151213_14.jpg\"\n       srcset=\"\/wp-content\/themes\/iwf\/images\/posts\/news_151213_14.jpg,\n               \/wp-content\/themes\/iwf\/images\/posts\/news_151213_14@2x.jpg 2x\">\n    <\/picture>\n   <\/figure>\n<figure>\n     <picture class=\"copyright\"><source media=\"(max-width:450px)\" srcset=\"\/wp-content\/themes\/iwf\/images\/posts\/news_151213_15.jpg\"><img decoding=\"async\" src=\"\/wp-content\/themes\/iwf\/images\/posts\/news_151213_15.jpg\"\n       srcset=\"\/wp-content\/themes\/iwf\/images\/posts\/news_151213_15.jpg,\n               \/wp-content\/themes\/iwf\/images\/posts\/news_151213_15@2x.jpg 2x\">\n    <\/picture>\n   <\/figure>\n<\/p><\/div>\n<\/div>\n<p>Los miembros de la fundaci\u00f3n que llenaron el auditorio junto con los familiares de los beneficiarios quedaron conmovidos por las melod\u00edas de esperanza y amor. Las familias de los bomberos fallecidos en el cumplimiento de su deber expresaron su agradecimiento: \u201cGracias por recordarnos y no olvidarnos. Lo pasamos muy bien en el concierto\u201d. La Sra. Wang, de una familia multicultural, que recibi\u00f3 apoyo a trav\u00e9s del concierto, dijo que a ella y a sus hijos les gustar\u00eda convertirse en personas que ayuden a otros a trav\u00e9s de este tipo de servicio voluntario.<\/p>\n<div class=\"img-grid\">\n<div class=\"img-grid-inner\">\n<figure>\n     <picture class=\"copyright\"><source media=\"(max-width:450px)\" srcset=\"\/wp-content\/themes\/iwf\/images\/posts\/news_151213_16.jpg\"><img decoding=\"async\" src=\"\/wp-content\/themes\/iwf\/images\/posts\/news_151213_16.jpg\"\n       srcset=\"\/wp-content\/themes\/iwf\/images\/posts\/news_151213_16.jpg,\n               \/wp-content\/themes\/iwf\/images\/posts\/news_151213_16@2x.jpg 2x\">\n    <\/picture>\n   <\/figure>\n<figure>\n     <picture class=\"copyright\"><source media=\"(max-width:450px)\" srcset=\"\/wp-content\/themes\/iwf\/images\/posts\/news_151213_17.jpg\"><img decoding=\"async\" src=\"\/wp-content\/themes\/iwf\/images\/posts\/news_151213_17.jpg\"\n       srcset=\"\/wp-content\/themes\/iwf\/images\/posts\/news_151213_17.jpg,\n               \/wp-content\/themes\/iwf\/images\/posts\/news_151213_17@2x.jpg 2x\">\n    <\/picture>\n   <\/figure>\n<\/p><\/div>\n<\/div>\n<h2>Canci\u00f3n alegre de amor para los vecinos de la aldea global<\/h2>\n<blockquote class=\"line\"><p>\n\u201cQueridas familias de bomberos y familias desfavorecidas, somos una sola familia y somos vecinos que viven dentro de la misma cerca llamada Tierra. Por favor, mant\u00e9nganse fuertes sin perder la esperanza ni el coraje por la vida. Los amamos. Espero que el tiempo que hemos pasado juntos perdure como un hermoso y buen recuerdo en su vida. Siempre los animaremos\u201d.\n<small>Presidenta Honoraria de la Fundaci\u00f3n Internacional WeLoveU, <a href=\"https:\/\/zahnggiljah.com\/es\/\" rel=\"noopener\" target=\"_blank\">Zahng Gil-jah<\/a><\/small>\n<\/p><\/blockquote>\n<p>El recuerdo de este d\u00eda que concluy\u00f3 el a\u00f1o compartiendo el amor al pr\u00f3jimo, qued\u00f3 como un recuerdo reconfortante en el coraz\u00f3n de todos. La Fundaci\u00f3n Internacional WeLoveU continuar\u00e1 entonando la canci\u00f3n del amor para animar a nuestro pr\u00f3jimo que sufre dificultades como desastres, enfermedades y pobreza.<\/p>\n<figure>\n  <picture class=\"copyright\"><source media=\"(max-width:450px)\" srcset=\"\/wp-content\/themes\/iwf\/images\/posts\/news_151213_18.jpg\"><img decoding=\"async\" src=\"\/wp-content\/themes\/iwf\/images\/posts\/news_151213_18.jpg\"\n    srcset=\"\/wp-content\/themes\/iwf\/images\/posts\/news_151213_18.jpg,\n            \/wp-content\/themes\/iwf\/images\/posts\/news_151213_18@2x.jpg 2x\">\n <\/picture>\n<\/figure>\n","protected":false},"excerpt":{"rendered":"Un fr\u00edo d\u00eda de invierno se llev\u00f3 a cabo un evento en el que todos se hicieron uno a trav\u00e9s del amor al pr\u00f3jimo. El 13 de diciembre de 2015 se llev\u00f3 a cabo el 16.\u00ba Concierto Nueva Vida en la Arena de Jamsil, Se\u00fal. M\u00e1s de 15 000 miembros y ciudadanos se reunieron para&#8230;","protected":false},"author":7,"featured_media":959,"comment_status":"closed","ping_status":"closed","sticky":false,"template":"post-type\/post-type-header-wide.php","format":"standard","meta":{"footnotes":""},"categories":[60],"tags":[],"yoast_head":"<!-- This site is optimized with the Yoast SEO plugin v21.9.1 - https:\/\/yoast.com\/wordpress\/plugins\/seo\/ -->\n<title>Un momento alegre para hacerse uno a trav\u00e9s del amor al pr\u00f3jimo - Concierto Nueva Vida<\/title>\n<meta name=\"description\" content=\"El 13 de diciembre de 2015, la Fundaci\u00f3n Internacional WeLoveU comparti\u00f3 con sinceridad el amor al pr\u00f3jimo con 84 hogares desfavorecidos y familias de bomberos a trav\u00e9s del 16.\u00ba Concierto Nueva Vida.\" \/>\n<meta name=\"robots\" content=\"index, follow, max-snippet:-1, max-image-preview:large, max-video-preview:-1\" \/>\n<link rel=\"canonical\" href=\"https:\/\/newlifeconcert.org\/es\/16th-new-life-concert\/\" \/>\n<meta property=\"og:locale\" content=\"es_ES\" \/>\n<meta property=\"og:type\" content=\"article\" \/>\n<meta property=\"og:title\" content=\"Un momento alegre para hacerse uno a trav\u00e9s del amor al pr\u00f3jimo - Concierto Nueva Vida\" \/>\n<meta property=\"og:description\" content=\"El 13 de diciembre de 2015, la Fundaci\u00f3n Internacional WeLoveU comparti\u00f3 con sinceridad el amor al pr\u00f3jimo con 84 hogares desfavorecidos y familias de bomberos a trav\u00e9s del 16.\u00ba Concierto Nueva Vida.\" \/>\n<meta property=\"og:url\" content=\"https:\/\/newlifeconcert.org\/es\/16th-new-life-concert\/\" \/>\n<meta property=\"og:site_name\" content=\"Concierto Nueva Vida\" \/>\n<meta property=\"article:published_time\" content=\"2015-12-13T00:00:30+00:00\" \/>\n<meta property=\"article:modified_time\" content=\"2022-02-23T01:18:01+00:00\" \/>\n<meta property=\"og:image\" content=\"https:\/\/newlifeconcert.org\/wp-content\/uploads\/2021\/11\/16th-new-life-concert-1.jpg\" \/>\n\t<meta property=\"og:image:width\" content=\"1500\" \/>\n\t<meta property=\"og:image:height\" content=\"998\" \/>\n\t<meta property=\"og:image:type\" content=\"image\/jpeg\" \/>\n<meta name=\"author\" content=\"ss\" \/>\n<meta name=\"twitter:card\" content=\"summary_large_image\" \/>\n<script type=\"application\/ld+json\" class=\"yoast-schema-graph\">{\"@context\":\"https:\/\/schema.org\",\"@graph\":[{\"@type\":\"WebPage\",\"@id\":\"https:\/\/newlifeconcert.org\/es\/16th-new-life-concert\/\",\"url\":\"https:\/\/newlifeconcert.org\/es\/16th-new-life-concert\/\",\"name\":\"Un momento alegre para hacerse uno a trav\u00e9s del amor al pr\u00f3jimo - Concierto Nueva Vida\",\"isPartOf\":{\"@id\":\"https:\/\/newlifeconcert.org\/#website\"},\"datePublished\":\"2015-12-13T00:00:30+00:00\",\"dateModified\":\"2022-02-23T01:18:01+00:00\",\"author\":{\"@id\":\"https:\/\/newlifeconcert.org\/#\/schema\/person\/155a09320980992d40f423468f15c74c\"},\"description\":\"El 13 de diciembre de 2015, la Fundaci\u00f3n Internacional WeLoveU comparti\u00f3 con sinceridad el amor al pr\u00f3jimo con 84 hogares desfavorecidos y familias de bomberos a trav\u00e9s del 16.\u00ba Concierto Nueva Vida.\",\"breadcrumb\":{\"@id\":\"https:\/\/newlifeconcert.org\/es\/16th-new-life-concert\/#breadcrumb\"},\"inLanguage\":\"es\",\"potentialAction\":[{\"@type\":\"ReadAction\",\"target\":[\"https:\/\/newlifeconcert.org\/es\/16th-new-life-concert\/\"]}]},{\"@type\":\"BreadcrumbList\",\"@id\":\"https:\/\/newlifeconcert.org\/es\/16th-new-life-concert\/#breadcrumb\",\"itemListElement\":[{\"@type\":\"ListItem\",\"position\":1,\"name\":\"Home\",\"item\":\"https:\/\/newlifeconcert.org\/es\/\"},{\"@type\":\"ListItem\",\"position\":2,\"name\":\"Un momento alegre para hacerse uno a trav\u00e9s del amor al pr\u00f3jimo\"}]},{\"@type\":\"WebSite\",\"@id\":\"https:\/\/newlifeconcert.org\/#website\",\"url\":\"https:\/\/newlifeconcert.org\/\",\"name\":\"Concierto Nueva Vida\",\"description\":\"\ub2e4\ub978 \uc6cc\ub4dc\ud504\ub798\uc2a4 \uc0ac\uc774\ud2b8\",\"potentialAction\":[{\"@type\":\"SearchAction\",\"target\":{\"@type\":\"EntryPoint\",\"urlTemplate\":\"https:\/\/newlifeconcert.org\/?s={search_term_string}\"},\"query-input\":\"required name=search_term_string\"}],\"inLanguage\":\"es\"},{\"@type\":\"Person\",\"@id\":\"https:\/\/newlifeconcert.org\/#\/schema\/person\/155a09320980992d40f423468f15c74c\",\"name\":\"ss\"}]}<\/script>\n<!-- \/ Yoast SEO plugin. -->","yoast_head_json":{"title":"Un momento alegre para hacerse uno a trav\u00e9s del amor al pr\u00f3jimo - Concierto Nueva Vida","description":"El 13 de diciembre de 2015, la Fundaci\u00f3n Internacional WeLoveU comparti\u00f3 con sinceridad el amor al pr\u00f3jimo con 84 hogares desfavorecidos y familias de bomberos a trav\u00e9s del 16.\u00ba Concierto Nueva Vida.","robots":{"index":"index","follow":"follow","max-snippet":"max-snippet:-1","max-image-preview":"max-image-preview:large","max-video-preview":"max-video-preview:-1"},"canonical":"https:\/\/newlifeconcert.org\/es\/16th-new-life-concert\/","og_locale":"es_ES","og_type":"article","og_title":"Un momento alegre para hacerse uno a trav\u00e9s del amor al pr\u00f3jimo - Concierto Nueva Vida","og_description":"El 13 de diciembre de 2015, la Fundaci\u00f3n Internacional WeLoveU comparti\u00f3 con sinceridad el amor al pr\u00f3jimo con 84 hogares desfavorecidos y familias de bomberos a trav\u00e9s del 16.\u00ba Concierto Nueva Vida.","og_url":"https:\/\/newlifeconcert.org\/es\/16th-new-life-concert\/","og_site_name":"Concierto Nueva Vida","article_published_time":"2015-12-13T00:00:30+00:00","article_modified_time":"2022-02-23T01:18:01+00:00","og_image":[{"width":1500,"height":998,"url":"https:\/\/newlifeconcert.org\/wp-content\/uploads\/2021\/11\/16th-new-life-concert-1.jpg","type":"image\/jpeg"}],"author":"ss","twitter_card":"summary_large_image","schema":{"@context":"https:\/\/schema.org","@graph":[{"@type":"WebPage","@id":"https:\/\/newlifeconcert.org\/es\/16th-new-life-concert\/","url":"https:\/\/newlifeconcert.org\/es\/16th-new-life-concert\/","name":"Un momento alegre para hacerse uno a trav\u00e9s del amor al pr\u00f3jimo - Concierto Nueva Vida","isPartOf":{"@id":"https:\/\/newlifeconcert.org\/#website"},"datePublished":"2015-12-13T00:00:30+00:00","dateModified":"2022-02-23T01:18:01+00:00","author":{"@id":"https:\/\/newlifeconcert.org\/#\/schema\/person\/155a09320980992d40f423468f15c74c"},"description":"El 13 de diciembre de 2015, la Fundaci\u00f3n Internacional WeLoveU comparti\u00f3 con sinceridad el amor al pr\u00f3jimo con 84 hogares desfavorecidos y familias de bomberos a trav\u00e9s del 16.\u00ba Concierto Nueva Vida.","breadcrumb":{"@id":"https:\/\/newlifeconcert.org\/es\/16th-new-life-concert\/#breadcrumb"},"inLanguage":"es","potentialAction":[{"@type":"ReadAction","target":["https:\/\/newlifeconcert.org\/es\/16th-new-life-concert\/"]}]},{"@type":"BreadcrumbList","@id":"https:\/\/newlifeconcert.org\/es\/16th-new-life-concert\/#breadcrumb","itemListElement":[{"@type":"ListItem","position":1,"name":"Home","item":"https:\/\/newlifeconcert.org\/es\/"},{"@type":"ListItem","position":2,"name":"Un momento alegre para hacerse uno a trav\u00e9s del amor al pr\u00f3jimo"}]},{"@type":"WebSite","@id":"https:\/\/newlifeconcert.org\/#website","url":"https:\/\/newlifeconcert.org\/","name":"Concierto Nueva Vida","description":"\ub2e4\ub978 \uc6cc\ub4dc\ud504\ub798\uc2a4 \uc0ac\uc774\ud2b8","potentialAction":[{"@type":"SearchAction","target":{"@type":"EntryPoint","urlTemplate":"https:\/\/newlifeconcert.org\/?s={search_term_string}"},"query-input":"required name=search_term_string"}],"inLanguage":"es"},{"@type":"Person","@id":"https:\/\/newlifeconcert.org\/#\/schema\/person\/155a09320980992d40f423468f15c74c","name":"ss"}]}},"_links":{"self":[{"href":"https:\/\/newlifeconcert.org\/es\/wp-json\/wp\/v2\/posts\/1354"}],"collection":[{"href":"https:\/\/newlifeconcert.org\/es\/wp-json\/wp\/v2\/posts"}],"about":[{"href":"https:\/\/newlifeconcert.org\/es\/wp-json\/wp\/v2\/types\/post"}],"author":[{"embeddable":true,"href":"https:\/\/newlifeconcert.org\/es\/wp-json\/wp\/v2\/users\/7"}],"replies":[{"embeddable":true,"href":"https:\/\/newlifeconcert.org\/es\/wp-json\/wp\/v2\/comments?post=1354"}],"version-history":[{"count":3,"href":"https:\/\/newlifeconcert.org\/es\/wp-json\/wp\/v2\/posts\/1354\/revisions"}],"predecessor-version":[{"id":1383,"href":"https:\/\/newlifeconcert.org\/es\/wp-json\/wp\/v2\/posts\/1354\/revisions\/1383"}],"wp:featuredmedia":[{"embeddable":true,"href":"https:\/\/newlifeconcert.org\/es\/wp-json\/wp\/v2\/media\/959"}],"wp:attachment":[{"href":"https:\/\/newlifeconcert.org\/es\/wp-json\/wp\/v2\/media?parent=1354"}],"wp:term":[{"taxonomy":"category","embeddable":true,"href":"https:\/\/newlifeconcert.org\/es\/wp-json\/wp\/v2\/categories?post=1354"},{"taxonomy":"post_tag","embeddable":true,"href":"https:\/\/newlifeconcert.org\/es\/wp-json\/wp\/v2\/tags?post=1354"}],"curies":[{"name":"wp","href":"https:\/\/api.w.org\/{rel}","templated":true}]}}