{"id":1341,"date":"2014-12-01T09:00:45","date_gmt":"2014-12-01T00:00:45","guid":{"rendered":"https:\/\/newlifeconcert.org\/15th-new-life-concert\/"},"modified":"2022-01-28T09:47:13","modified_gmt":"2022-01-28T00:47:13","slug":"15th-new-life-concert","status":"publish","type":"post","link":"https:\/\/newlifeconcert.org\/es\/15th-new-life-concert\/","title":{"rendered":"Practicando el bienestar social de com\u00fan acuerdo"},"content":{"rendered":"<p>El bienestar social se refiere a un esfuerzo social para garantizar la estabilidad de los medios de vida de las personas y la educaci\u00f3n, la ocupaci\u00f3n, la atenci\u00f3n m\u00e9dica, etc. En otras palabras, es un esfuerzo por crear una sociedad donde nadie est\u00e9 alienado y todos sean felices.<\/p>\n<figure>\n <picture class=\"copyright\"><source media=\"(max-width:450px)\" srcset=\"\/wp-content\/themes\/iwf\/images\/posts\/news_141201_01.jpg\"><img decoding=\"async\" src=\"\/wp-content\/themes\/iwf\/images\/posts\/news_141201_01.jpg\"\n   srcset=\"\/wp-content\/themes\/iwf\/images\/posts\/news_141201_01.jpg,\n          \/wp-content\/themes\/iwf\/images\/posts\/news_141201_01@2x.jpg 2x\">\n <\/picture>\n<\/figure>\n<p>La Fundaci\u00f3n Internacional WeLoveU, que se estableci\u00f3 para practicar el bienestar social para los dem\u00e1s a trav\u00e9s del amor de una madre, celebr\u00f3 el 15.\u00ba Concierto Nueva Vida el 1 de diciembre de 2014. Este evento se llev\u00f3 a cabo en el Gimnasio de Estudiantes de Se\u00fal para entregar risas y esperanza a los hogares desfavorecidos, familias multiculturales, ni\u00f1os con enfermedades raras e incurables y v\u00edctimas de inundaciones en Nepal. La Presidenta Honoraria Zahng Gil-jah, el Patrocinador Principal Lee Soon-jae, el Presidente de la Asociaci\u00f3n de Prevenci\u00f3n del Abuso Infantil de Corea Lee Bae-geun, y distinguidos invitados de todos los \u00e1mbitos, as\u00ed como m\u00e1s de 6000 miembros y participantes de la fundaci\u00f3n, se reunieron para el evento.<\/p>\n<div class=\"img-grid\">\n<div class=\"img-grid-inner\">\n<figure>\n     <picture class=\"copyright\"><source media=\"(max-width:450px)\" srcset=\"\/wp-content\/themes\/iwf\/images\/posts\/news_141201_02.jpg\"><img decoding=\"async\" src=\"\/wp-content\/themes\/iwf\/images\/posts\/news_141201_02.jpg\"\n       srcset=\"\/wp-content\/themes\/iwf\/images\/posts\/news_141201_02.jpg,\n               \/wp-content\/themes\/iwf\/images\/posts\/news_141201_02@2x.jpg 2x\">\n    <\/picture>\n   <\/figure>\n<figure>\n     <picture class=\"copyright\"><source media=\"(max-width:450px)\" srcset=\"\/wp-content\/themes\/iwf\/images\/posts\/news_141201_03.jpg\"><img decoding=\"async\" src=\"\/wp-content\/themes\/iwf\/images\/posts\/news_141201_03.jpg\"\n       srcset=\"\/wp-content\/themes\/iwf\/images\/posts\/news_141201_03.jpg,\n               \/wp-content\/themes\/iwf\/images\/posts\/news_141201_03@2x.jpg 2x\">\n    <\/picture>\n   <\/figure>\n<\/p><\/div>\n<\/div>\n<h2>La Fundaci\u00f3n Internacional WeLoveU toma la iniciativa en la pr\u00e1ctica del bienestar social<\/h2>\n<p>Las familias de los beneficiarios que se encuentran en los puntos ciegos del bienestar social tambi\u00e9n fueron invitadas y vinieron a ver el concierto. Antes del inicio del concierto, la Presidenta Honoraria Zahng Gil-jah pronunci\u00f3 el discurso inaugural, en el que dijo: \u201cEste es el momento en que un a\u00f1o lleno de acontecimientos est\u00e1 a punto de llegar a su fin. A trav\u00e9s del concierto, espero que dejen atr\u00e1s sus momentos de tristeza por un tiempo y reciban la energ\u00eda de la alegr\u00eda y la felicidad al m\u00e1ximo\u201d, animando a los participantes y miembros. El Patrocinador Principal, Lee Soon-jae, dijo: \u201cEste ha sido un a\u00f1o de tristeza y dolor especialmente para nosotros\u201d, y ofreci\u00f3 sus condolencias a las v\u00edctimas del desastre del transbordador Sewol y expres\u00f3 su gratitud y mejores deseos para el nuevo a\u00f1o a los miembros por dar esperanza y compartir consuelo a trav\u00e9s de servicios voluntarios de buen coraz\u00f3n en el lugar del desastre del transbordador Sewol.<\/p>\n<figure class=\"limit\">\n <picture class=\"copyright\"><source media=\"(max-width:450px)\" srcset=\"\/wp-content\/themes\/iwf\/images\/posts\/news_141201_04.jpg\"><img decoding=\"async\" src=\"\/wp-content\/themes\/iwf\/images\/posts\/news_141201_04.jpg\"\n       srcset=\"\/wp-content\/themes\/iwf\/images\/posts\/news_141201_04.jpg,\n               \/wp-content\/themes\/iwf\/images\/posts\/news_141201_04@2x.jpg 2x\">\n <\/picture>\n<\/figure>\n<p>Luego vinieron los comentarios de felicitaci\u00f3n de diplom\u00e1ticos extranjeros en Corea. El Sr. Carlos Victor Boun-gou, embajador de Gab\u00f3n en Corea, expres\u00f3 su gratitud y apoyo a las actividades de bienestar social de la Fundaci\u00f3n Internacional WeLoveU en Gab\u00f3n: \u201cLa fundaci\u00f3n y Gab\u00f3n firmaron un <a href=\"https:\/\/intlweloveu.org\/es\/green-campus-environmental-seminar-with-gabonese-president\">acuerdo de respuesta al cambio clim\u00e1tico<\/a> en 2012, por lo que este evento es a\u00fan m\u00e1s significativo para m\u00ed\u201d. Adem\u00e1s, tambi\u00e9n le pidi\u00f3 a la fundaci\u00f3n que contin\u00fae contribuyendo al bienestar social en todo el mundo para ayudar a m\u00e1s personas a llevar una vida feliz.<\/p>\n<div class=\"img-grid\">\n<div class=\"img-grid-inner\">\n<figure>\n     <picture class=\"copyright\"><source media=\"(max-width:450px)\" srcset=\"\/wp-content\/themes\/iwf\/images\/posts\/news_141201_05.jpg\"><img decoding=\"async\" src=\"\/wp-content\/themes\/iwf\/images\/posts\/news_141201_05.jpg\"\n       srcset=\"\/wp-content\/themes\/iwf\/images\/posts\/news_141201_05.jpg,\n               \/wp-content\/themes\/iwf\/images\/posts\/news_141201_05@2x.jpg 2x\">\n    <\/picture>\n   <\/figure>\n<figure>\n     <picture class=\"copyright\"><source media=\"(max-width:450px)\" srcset=\"\/wp-content\/themes\/iwf\/images\/posts\/news_141201_06.jpg\"><img decoding=\"async\" src=\"\/wp-content\/themes\/iwf\/images\/posts\/news_141201_06.jpg\"\n       srcset=\"\/wp-content\/themes\/iwf\/images\/posts\/news_141201_06.jpg,\n               \/wp-content\/themes\/iwf\/images\/posts\/news_141201_06@2x.jpg 2x\">\n    <\/picture>\n   <\/figure>\n<figure>\n     <picture class=\"copyright\"><source media=\"(max-width:450px)\" srcset=\"\/wp-content\/themes\/iwf\/images\/posts\/news_141201_07.jpg\"><img decoding=\"async\" src=\"\/wp-content\/themes\/iwf\/images\/posts\/news_141201_07.jpg\"\n       srcset=\"\/wp-content\/themes\/iwf\/images\/posts\/news_141201_07.jpg,\n               \/wp-content\/themes\/iwf\/images\/posts\/news_141201_07@2x.jpg 2x\">\n    <\/picture>\n   <\/figure>\n<figure>\n     <picture class=\"copyright\"><source media=\"(max-width:450px)\" srcset=\"\/wp-content\/themes\/iwf\/images\/posts\/news_141201_08.jpg\"><img decoding=\"async\" src=\"\/wp-content\/themes\/iwf\/images\/posts\/news_141201_08.jpg\"\n       srcset=\"\/wp-content\/themes\/iwf\/images\/posts\/news_141201_08.jpg,\n               \/wp-content\/themes\/iwf\/images\/posts\/news_141201_08@2x.jpg 2x\">\n    <\/picture>\n   <\/figure>\n<\/p><\/div>\n<\/div>\n<p>En la ceremonia de entrega de donaciones que sigui\u00f3, se proporcion\u00f3 apoyo para gastos m\u00e9dicos y de manutenci\u00f3n a un total de 51 hogares desfavorecidos y familias multiculturales. Tambi\u00e9n se prometi\u00f3 la construcci\u00f3n de un puente a los residentes de la cuenca del <a href=\"https:\/\/intlweloveu.org\/es\/a-bridge-built-with-love-in-a-small-village-of-nepal\">r\u00edo Tengra en la regi\u00f3n de Sunsari en Nepal<\/a>, quienes sufren mucho por el colapso del puente cada vez que hay una inundaci\u00f3n.<\/p>\n<figure class=\"limit\">\n <picture class=\"copyright\"><source media=\"(max-width:450px)\" srcset=\"\/wp-content\/themes\/iwf\/images\/posts\/news_141201_09.jpg\"><img decoding=\"async\" src=\"\/wp-content\/themes\/iwf\/images\/posts\/news_141201_09.jpg\"\n       srcset=\"\/wp-content\/themes\/iwf\/images\/posts\/news_141201_09.jpg,\n               \/wp-content\/themes\/iwf\/images\/posts\/news_141201_09@2x.jpg 2x\">\n <\/picture>\n<\/figure>\n<h2>Practicando el bienestar social de com\u00fan acuerdo<\/h2>\n<p>El concierto comenz\u00f3 con el lindo popurr\u00ed de canciones de ni\u00f1os del Coro Infantil Nueva Vida. Los cantantes Kim Jae-hun, Soh Chan-hwi, Yun Tae-gyu, Jeong Su-ra, Shin Yu, Ben y Lee Seung-hoon entonaron con entusiasmo canciones que transmit\u00edan esperanza. Cada vez que los cantantes sub\u00edan al escenario, la audiencia los llenaba de energ\u00eda al animarlos juntos. Los cantantes que subieron al escenario para donar sus talentos para ayudar a practicar el bienestar social, expresaron lo recompensados \u200b\u200bque se sintieron al decir: \u201cSiento que la respuesta entusiasta de la audiencia me dio energ\u00eda\u201d.<\/p>\n<figure>\n  <picture class=\"copyright\"><source media=\"(max-width:450px)\" srcset=\"\/wp-content\/themes\/iwf\/images\/posts\/news_141201_10.jpg\"><img decoding=\"async\" src=\"\/wp-content\/themes\/iwf\/images\/posts\/news_141201_10.jpg\"\n    srcset=\"\/wp-content\/themes\/iwf\/images\/posts\/news_141201_10.jpg,\n            \/wp-content\/themes\/iwf\/images\/posts\/news_141201_10@2x.jpg 2x\">\n <\/picture>\n<\/figure>\n<p>El actor Kim Seong-hwan, quien presidi\u00f3 la segunda parte del concierto, dijo: \u201c\u00bfQui\u00e9n es la persona m\u00e1s exitosa y m\u00e1s feliz del mundo? Es alguien que tiene amor en su coraz\u00f3n y comparte ese amor con su pr\u00f3jimo\u201d. Tambi\u00e9n dijo: \u201cLa Fundaci\u00f3n Internacional WeLoveU est\u00e1 practicando el amor por su pr\u00f3jimo de todo el mundo con el coraz\u00f3n de una madre que se dedica a sus hijos\u201d, y felicit\u00f3 a los miembros de la fundaci\u00f3n por tomar la iniciativa en la pr\u00e1ctica del bienestar social para los dem\u00e1s al correr a donde sea que se requiera compartir amor.<\/p>\n<div class=\"img-grid\">\n<div class=\"img-grid-inner\">\n<figure>\n     <picture class=\"copyright\"><source media=\"(max-width:450px)\" srcset=\"\/wp-content\/themes\/iwf\/images\/posts\/news_141201_11.jpg\"><img decoding=\"async\" src=\"\/wp-content\/themes\/iwf\/images\/posts\/news_141201_11.jpg\"\n       srcset=\"\/wp-content\/themes\/iwf\/images\/posts\/news_141201_11.jpg,\n               \/wp-content\/themes\/iwf\/images\/posts\/news_141201_11@2x.jpg 2x\">\n    <\/picture>\n   <\/figure>\n<figure>\n     <picture class=\"copyright\"><source media=\"(max-width:450px)\" srcset=\"\/wp-content\/themes\/iwf\/images\/posts\/news_141201_12.jpg\"><img decoding=\"async\" src=\"\/wp-content\/themes\/iwf\/images\/posts\/news_141201_12.jpg\"\n       srcset=\"\/wp-content\/themes\/iwf\/images\/posts\/news_141201_12.jpg,\n               \/wp-content\/themes\/iwf\/images\/posts\/news_141201_12@2x.jpg 2x\">\n    <\/picture>\n   <\/figure>\n<figure>\n     <picture class=\"copyright\"><source media=\"(max-width:450px)\" srcset=\"\/wp-content\/themes\/iwf\/images\/posts\/news_141201_13.jpg\"><img decoding=\"async\" src=\"\/wp-content\/themes\/iwf\/images\/posts\/news_141201_13.jpg\"\n       srcset=\"\/wp-content\/themes\/iwf\/images\/posts\/news_141201_13.jpg,\n               \/wp-content\/themes\/iwf\/images\/posts\/news_141201_13@2x.jpg 2x\">\n    <\/picture>\n   <\/figure>\n<figure>\n     <picture class=\"copyright\"><source media=\"(max-width:450px)\" srcset=\"\/wp-content\/themes\/iwf\/images\/posts\/news_141201_14.jpg\"><img decoding=\"async\" src=\"\/wp-content\/themes\/iwf\/images\/posts\/news_141201_14.jpg\"\n       srcset=\"\/wp-content\/themes\/iwf\/images\/posts\/news_141201_14.jpg,\n               \/wp-content\/themes\/iwf\/images\/posts\/news_141201_14@2x.jpg 2x\">\n    <\/picture>\n   <\/figure>\n<figure>\n     <picture class=\"copyright\"><source media=\"(max-width:450px)\" srcset=\"\/wp-content\/themes\/iwf\/images\/posts\/news_141201_15.jpg\"><img decoding=\"async\" src=\"\/wp-content\/themes\/iwf\/images\/posts\/news_141201_15.jpg\"\n       srcset=\"\/wp-content\/themes\/iwf\/images\/posts\/news_141201_15.jpg,\n               \/wp-content\/themes\/iwf\/images\/posts\/news_141201_15@2x.jpg 2x\">\n    <\/picture>\n   <\/figure>\n<figure>\n     <picture class=\"copyright\"><source media=\"(max-width:450px)\" srcset=\"\/wp-content\/themes\/iwf\/images\/posts\/news_141201_16.jpg\"><img decoding=\"async\" src=\"\/wp-content\/themes\/iwf\/images\/posts\/news_141201_16.jpg\"\n       srcset=\"\/wp-content\/themes\/iwf\/images\/posts\/news_141201_16.jpg,\n               \/wp-content\/themes\/iwf\/images\/posts\/news_141201_16@2x.jpg 2x\">\n    <\/picture>\n   <\/figure>\n<figure>\n     <picture class=\"copyright\"><source media=\"(max-width:450px)\" srcset=\"\/wp-content\/themes\/iwf\/images\/posts\/news_141201_17.jpg\"><img decoding=\"async\" src=\"\/wp-content\/themes\/iwf\/images\/posts\/news_141201_17.jpg\"\n       srcset=\"\/wp-content\/themes\/iwf\/images\/posts\/news_141201_17.jpg,\n               \/wp-content\/themes\/iwf\/images\/posts\/news_141201_17@2x.jpg 2x\">\n    <\/picture>\n   <\/figure>\n<figure>\n     <picture class=\"copyright\"><source media=\"(max-width:450px)\" srcset=\"\/wp-content\/themes\/iwf\/images\/posts\/news_141201_18.jpg\"><img decoding=\"async\" src=\"\/wp-content\/themes\/iwf\/images\/posts\/news_141201_18.jpg\"\n       srcset=\"\/wp-content\/themes\/iwf\/images\/posts\/news_141201_18.jpg,\n               \/wp-content\/themes\/iwf\/images\/posts\/news_141201_18@2x.jpg 2x\">\n    <\/picture>\n   <\/figure>\n<\/p><\/div>\n<\/div>\n<p>La cantante Jeong Su-ra, quien adorn\u00f3 el escenario como la \u00faltima int\u00e9rprete, expres\u00f3 sus profundas emociones: \u201cEstoy agradecida y feliz de poder transmitir amor a muchas personas con mi canto\u201d. El concierto fue una oportunidad para que tanto los cantantes como las personas que vitoreaban a la audiencia se hicieran uno con un gran amor por su pr\u00f3jimo.<\/p>\n<h2>Haciendo que el fin de a\u00f1o sea conmovedor con el amor de una madre<\/h2>\n<blockquote class=\"line\"><p>\n\u201cEl a\u00f1o 2014 fue un a\u00f1o de gran dificultad golpeado por el dolor y las dificultades nacionales. De camino aqu\u00ed, pens\u00e9 en c\u00f3mo podr\u00eda consolar y hacer re\u00edr los corazones de aquellos que sufrieron por el desastre del transbordador Sewol y los hogares desfavorecidos, las familias multiculturales y las familias con ni\u00f1os que tienen enfermedades raras e incurables. Por ello, a trav\u00e9s del Concierto Nueva Vida, quise crear recuerdos llenos de risa y alegr\u00eda. Estoy aqu\u00ed hoy como alguien a quien le gustar\u00eda compartir risas y esperanza con ustedes. Los amo, permanezcan fuertes. Siempre estaremos aqu\u00ed para compartir la esperanza y la risa con ustedes. Espero que el Concierto Nueva Vida de hoy sea un momento alegre y feliz para todos ustedes. Muchas gracias\u201d.\n<small>Presidenta Honoraria de la Fundaci\u00f3n Internacional WeLoveU, Zahng Gil-jah<\/small>\n<\/p><\/blockquote>\n<p>El conmovedor amor por el pr\u00f3jimo se transmiti\u00f3 a los beneficiarios que asistieron juntos al concierto. Una ama de casa de una familia multicultural, que se mud\u00f3 a Corea hace catorce a\u00f1os para casarse y ha mantenido el sustento de su familia a pesar de las dificultades financieras, manifest\u00f3: \u201cHoy, toda mi familia obtuvo una gran esperanza\u201d. Tambi\u00e9n dijo que a ella misma le gustar\u00eda convertirse en una persona incre\u00edble que ayuda a otras personas, como los miembros de la Fundaci\u00f3n Internacional WeLoveU. Tambi\u00e9n expres\u00f3 su determinaci\u00f3n de criar a su hijo como alguien generoso que d\u00e9 amor a los dem\u00e1s.<\/p>\n<figure>\n  <picture class=\"copyright\"><source media=\"(max-width:450px)\" srcset=\"\/wp-content\/themes\/iwf\/images\/posts\/news_141201_19.jpg\"><img decoding=\"async\" src=\"\/wp-content\/themes\/iwf\/images\/posts\/news_141201_19.jpg\"\n    srcset=\"\/wp-content\/themes\/iwf\/images\/posts\/news_141201_19.jpg,\n            \/wp-content\/themes\/iwf\/images\/posts\/news_141201_19@2x.jpg 2x\">\n <\/picture>\n<\/figure>\n<p>Aunque hac\u00eda mucho fr\u00edo afuera ya que la temperatura descendi\u00f3 bajo cero durante la noche, el recinto del concierto se llen\u00f3 del fervor emitido por aquellos que abrazaron el amor ardiente por el pr\u00f3jimo. La Fundaci\u00f3n Internacional WeLoveU continuar\u00e1 tomando medidas para practicar el bienestar social para otros con el amor de una madre.<\/p>\n","protected":false},"excerpt":{"rendered":"El bienestar social se refiere a un esfuerzo social para garantizar la estabilidad de los medios de vida de las personas y la educaci\u00f3n, la ocupaci\u00f3n, la atenci\u00f3n m\u00e9dica, etc. En otras palabras, es un esfuerzo por crear una sociedad donde nadie est\u00e9 alienado y todos sean felices. La Fundaci\u00f3n Internacional WeLoveU, que se estableci\u00f3&#8230;","protected":false},"author":7,"featured_media":835,"comment_status":"closed","ping_status":"closed","sticky":false,"template":"","format":"standard","meta":{"footnotes":""},"categories":[60],"tags":[],"yoast_head":"<!-- This site is optimized with the Yoast SEO plugin v21.9.1 - https:\/\/yoast.com\/wordpress\/plugins\/seo\/ -->\n<title>Practicando el bienestar social de com\u00fan acuerdo - Concierto Nueva Vida<\/title>\n<meta name=\"description\" content=\"La Fundaci\u00f3n Internacional WeLoveU celebr\u00f3 el 15.\u00ba Concierto Nueva Vida para practicar el bienestar social para los dem\u00e1s. M\u00e1s de 6000 personas se reunieron en el Gimnasio de Estudiantes de Se\u00fal el 1 de diciembre de 2014.\" \/>\n<meta name=\"robots\" content=\"index, follow, max-snippet:-1, max-image-preview:large, max-video-preview:-1\" \/>\n<link rel=\"canonical\" href=\"https:\/\/newlifeconcert.org\/es\/15th-new-life-concert\/\" \/>\n<meta property=\"og:locale\" content=\"es_ES\" \/>\n<meta property=\"og:type\" content=\"article\" \/>\n<meta property=\"og:title\" content=\"Practicando el bienestar social de com\u00fan acuerdo - Concierto Nueva Vida\" \/>\n<meta property=\"og:description\" content=\"La Fundaci\u00f3n Internacional WeLoveU celebr\u00f3 el 15.\u00ba Concierto Nueva Vida para practicar el bienestar social para los dem\u00e1s. M\u00e1s de 6000 personas se reunieron en el Gimnasio de Estudiantes de Se\u00fal el 1 de diciembre de 2014.\" \/>\n<meta property=\"og:url\" content=\"https:\/\/newlifeconcert.org\/es\/15th-new-life-concert\/\" \/>\n<meta property=\"og:site_name\" content=\"Concierto Nueva Vida\" \/>\n<meta property=\"article:published_time\" content=\"2014-12-01T00:00:45+00:00\" \/>\n<meta property=\"article:modified_time\" content=\"2022-01-28T00:47:13+00:00\" \/>\n<meta property=\"og:image\" content=\"https:\/\/newlifeconcert.org\/wp-content\/uploads\/2014\/12\/15th-new-life-concert.jpg\" \/>\n\t<meta property=\"og:image:width\" content=\"1500\" \/>\n\t<meta property=\"og:image:height\" content=\"1000\" \/>\n\t<meta property=\"og:image:type\" content=\"image\/jpeg\" \/>\n<meta name=\"author\" content=\"ss\" \/>\n<meta name=\"twitter:card\" content=\"summary_large_image\" \/>\n<script type=\"application\/ld+json\" class=\"yoast-schema-graph\">{\"@context\":\"https:\/\/schema.org\",\"@graph\":[{\"@type\":\"WebPage\",\"@id\":\"https:\/\/newlifeconcert.org\/es\/15th-new-life-concert\/\",\"url\":\"https:\/\/newlifeconcert.org\/es\/15th-new-life-concert\/\",\"name\":\"Practicando el bienestar social de com\u00fan acuerdo - Concierto Nueva Vida\",\"isPartOf\":{\"@id\":\"https:\/\/newlifeconcert.org\/#website\"},\"datePublished\":\"2014-12-01T00:00:45+00:00\",\"dateModified\":\"2022-01-28T00:47:13+00:00\",\"author\":{\"@id\":\"https:\/\/newlifeconcert.org\/#\/schema\/person\/155a09320980992d40f423468f15c74c\"},\"description\":\"La Fundaci\u00f3n Internacional WeLoveU celebr\u00f3 el 15.\u00ba Concierto Nueva Vida para practicar el bienestar social para los dem\u00e1s. M\u00e1s de 6000 personas se reunieron en el Gimnasio de Estudiantes de Se\u00fal el 1 de diciembre de 2014.\",\"breadcrumb\":{\"@id\":\"https:\/\/newlifeconcert.org\/es\/15th-new-life-concert\/#breadcrumb\"},\"inLanguage\":\"es\",\"potentialAction\":[{\"@type\":\"ReadAction\",\"target\":[\"https:\/\/newlifeconcert.org\/es\/15th-new-life-concert\/\"]}]},{\"@type\":\"BreadcrumbList\",\"@id\":\"https:\/\/newlifeconcert.org\/es\/15th-new-life-concert\/#breadcrumb\",\"itemListElement\":[{\"@type\":\"ListItem\",\"position\":1,\"name\":\"Home\",\"item\":\"https:\/\/newlifeconcert.org\/es\/\"},{\"@type\":\"ListItem\",\"position\":2,\"name\":\"Practicando el bienestar social de com\u00fan acuerdo\"}]},{\"@type\":\"WebSite\",\"@id\":\"https:\/\/newlifeconcert.org\/#website\",\"url\":\"https:\/\/newlifeconcert.org\/\",\"name\":\"Concierto Nueva Vida\",\"description\":\"\ub2e4\ub978 \uc6cc\ub4dc\ud504\ub798\uc2a4 \uc0ac\uc774\ud2b8\",\"potentialAction\":[{\"@type\":\"SearchAction\",\"target\":{\"@type\":\"EntryPoint\",\"urlTemplate\":\"https:\/\/newlifeconcert.org\/?s={search_term_string}\"},\"query-input\":\"required name=search_term_string\"}],\"inLanguage\":\"es\"},{\"@type\":\"Person\",\"@id\":\"https:\/\/newlifeconcert.org\/#\/schema\/person\/155a09320980992d40f423468f15c74c\",\"name\":\"ss\"}]}<\/script>\n<!-- \/ Yoast SEO plugin. -->","yoast_head_json":{"title":"Practicando el bienestar social de com\u00fan acuerdo - Concierto Nueva Vida","description":"La Fundaci\u00f3n Internacional WeLoveU celebr\u00f3 el 15.\u00ba Concierto Nueva Vida para practicar el bienestar social para los dem\u00e1s. M\u00e1s de 6000 personas se reunieron en el Gimnasio de Estudiantes de Se\u00fal el 1 de diciembre de 2014.","robots":{"index":"index","follow":"follow","max-snippet":"max-snippet:-1","max-image-preview":"max-image-preview:large","max-video-preview":"max-video-preview:-1"},"canonical":"https:\/\/newlifeconcert.org\/es\/15th-new-life-concert\/","og_locale":"es_ES","og_type":"article","og_title":"Practicando el bienestar social de com\u00fan acuerdo - Concierto Nueva Vida","og_description":"La Fundaci\u00f3n Internacional WeLoveU celebr\u00f3 el 15.\u00ba Concierto Nueva Vida para practicar el bienestar social para los dem\u00e1s. M\u00e1s de 6000 personas se reunieron en el Gimnasio de Estudiantes de Se\u00fal el 1 de diciembre de 2014.","og_url":"https:\/\/newlifeconcert.org\/es\/15th-new-life-concert\/","og_site_name":"Concierto Nueva Vida","article_published_time":"2014-12-01T00:00:45+00:00","article_modified_time":"2022-01-28T00:47:13+00:00","og_image":[{"width":1500,"height":1000,"url":"https:\/\/newlifeconcert.org\/wp-content\/uploads\/2014\/12\/15th-new-life-concert.jpg","type":"image\/jpeg"}],"author":"ss","twitter_card":"summary_large_image","schema":{"@context":"https:\/\/schema.org","@graph":[{"@type":"WebPage","@id":"https:\/\/newlifeconcert.org\/es\/15th-new-life-concert\/","url":"https:\/\/newlifeconcert.org\/es\/15th-new-life-concert\/","name":"Practicando el bienestar social de com\u00fan acuerdo - Concierto Nueva Vida","isPartOf":{"@id":"https:\/\/newlifeconcert.org\/#website"},"datePublished":"2014-12-01T00:00:45+00:00","dateModified":"2022-01-28T00:47:13+00:00","author":{"@id":"https:\/\/newlifeconcert.org\/#\/schema\/person\/155a09320980992d40f423468f15c74c"},"description":"La Fundaci\u00f3n Internacional WeLoveU celebr\u00f3 el 15.\u00ba Concierto Nueva Vida para practicar el bienestar social para los dem\u00e1s. M\u00e1s de 6000 personas se reunieron en el Gimnasio de Estudiantes de Se\u00fal el 1 de diciembre de 2014.","breadcrumb":{"@id":"https:\/\/newlifeconcert.org\/es\/15th-new-life-concert\/#breadcrumb"},"inLanguage":"es","potentialAction":[{"@type":"ReadAction","target":["https:\/\/newlifeconcert.org\/es\/15th-new-life-concert\/"]}]},{"@type":"BreadcrumbList","@id":"https:\/\/newlifeconcert.org\/es\/15th-new-life-concert\/#breadcrumb","itemListElement":[{"@type":"ListItem","position":1,"name":"Home","item":"https:\/\/newlifeconcert.org\/es\/"},{"@type":"ListItem","position":2,"name":"Practicando el bienestar social de com\u00fan acuerdo"}]},{"@type":"WebSite","@id":"https:\/\/newlifeconcert.org\/#website","url":"https:\/\/newlifeconcert.org\/","name":"Concierto Nueva Vida","description":"\ub2e4\ub978 \uc6cc\ub4dc\ud504\ub798\uc2a4 \uc0ac\uc774\ud2b8","potentialAction":[{"@type":"SearchAction","target":{"@type":"EntryPoint","urlTemplate":"https:\/\/newlifeconcert.org\/?s={search_term_string}"},"query-input":"required name=search_term_string"}],"inLanguage":"es"},{"@type":"Person","@id":"https:\/\/newlifeconcert.org\/#\/schema\/person\/155a09320980992d40f423468f15c74c","name":"ss"}]}},"_links":{"self":[{"href":"https:\/\/newlifeconcert.org\/es\/wp-json\/wp\/v2\/posts\/1341"}],"collection":[{"href":"https:\/\/newlifeconcert.org\/es\/wp-json\/wp\/v2\/posts"}],"about":[{"href":"https:\/\/newlifeconcert.org\/es\/wp-json\/wp\/v2\/types\/post"}],"author":[{"embeddable":true,"href":"https:\/\/newlifeconcert.org\/es\/wp-json\/wp\/v2\/users\/7"}],"replies":[{"embeddable":true,"href":"https:\/\/newlifeconcert.org\/es\/wp-json\/wp\/v2\/comments?post=1341"}],"version-history":[{"count":5,"href":"https:\/\/newlifeconcert.org\/es\/wp-json\/wp\/v2\/posts\/1341\/revisions"}],"predecessor-version":[{"id":1460,"href":"https:\/\/newlifeconcert.org\/es\/wp-json\/wp\/v2\/posts\/1341\/revisions\/1460"}],"wp:featuredmedia":[{"embeddable":true,"href":"https:\/\/newlifeconcert.org\/es\/wp-json\/wp\/v2\/media\/835"}],"wp:attachment":[{"href":"https:\/\/newlifeconcert.org\/es\/wp-json\/wp\/v2\/media?parent=1341"}],"wp:term":[{"taxonomy":"category","embeddable":true,"href":"https:\/\/newlifeconcert.org\/es\/wp-json\/wp\/v2\/categories?post=1341"},{"taxonomy":"post_tag","embeddable":true,"href":"https:\/\/newlifeconcert.org\/es\/wp-json\/wp\/v2\/tags?post=1341"}],"curies":[{"name":"wp","href":"https:\/\/api.w.org\/{rel}","templated":true}]}}