{"id":1334,"date":"2013-12-15T09:00:47","date_gmt":"2013-12-15T00:00:47","guid":{"rendered":"https:\/\/newlifeconcert.org\/14th-family-walkathon\/"},"modified":"2024-05-16T14:47:24","modified_gmt":"2024-05-16T05:47:24","slug":"14th-family-walkathon","status":"publish","type":"post","link":"https:\/\/newlifeconcert.org\/es\/14th-family-walkathon\/","title":{"rendered":"Canten juntos una canci\u00f3n de amor por la humanidad"},"content":{"rendered":"<figure class=\"full-width\">\n <picture class=\"copyright\"><source media=\"(max-width:450px)\" srcset=\"\/wp-content\/themes\/iwf\/images\/posts\/news_131215_01.jpg\"><img decoding=\"async\" src=\"\/wp-content\/themes\/iwf\/images\/posts\/news_131215_01.jpg\" \n   srcset=\"\/wp-content\/themes\/iwf\/images\/posts\/news_131215_01.jpg,\n           \/wp-content\/themes\/iwf\/images\/posts\/news_131215_01@2x.jpg 2x\" alt=\"\">\n <\/picture>\n<\/figure>\n<p>La Fundaci\u00f3n Internacional WeLoveU, que ha estado realizando diversos servicios voluntarios para practicar el amor por la humanidad, volvi\u00f3 a entonar una canci\u00f3n de amor y esperanza. El 15 de diciembre de 2013, la fundaci\u00f3n organiz\u00f3 el 14.\u00ba Concierto Nueva Vida en el Gimnasio de Estudiantes de Se\u00fal. A este evento asistieron la Presidenta Honoraria Zahng Gil-jah, el Patrocinador Principal Lee Soon-jae, delegaciones diplom\u00e1ticas extranjeras en Corea y representantes de todos los \u00e1mbitos, como pol\u00edtica, econom\u00eda, deportes, cultura y medios de comunicaci\u00f3n. M\u00e1s de 6000 participantes, incluidos los miembros de la fundaci\u00f3n, participaron en esta caminata para compartir el amor.<\/p>\n<div class=\"img-grid\">\n<div class=\"img-grid-inner\">\n<figure>\n     <picture class=\"copyright\"><source media=\"(max-width:450px)\" srcset=\"\/wp-content\/themes\/iwf\/images\/posts\/news_131215_02.jpg\"><img decoding=\"async\" src=\"\/wp-content\/themes\/iwf\/images\/posts\/news_131215_02.jpg\"\n       srcset=\"\/wp-content\/themes\/iwf\/images\/posts\/news_131215_02.jpg,\n               \/wp-content\/themes\/iwf\/images\/posts\/news_131215_02@2x.jpg 2x\">\n    <\/picture>\n   <\/figure>\n<figure>\n     <picture class=\"copyright\"><source media=\"(max-width:450px)\" srcset=\"\/wp-content\/themes\/iwf\/images\/posts\/news_131215_03.jpg\"><img decoding=\"async\" src=\"\/wp-content\/themes\/iwf\/images\/posts\/news_131215_03.jpg\"\n       srcset=\"\/wp-content\/themes\/iwf\/images\/posts\/news_131215_03.jpg,\n               \/wp-content\/themes\/iwf\/images\/posts\/news_131215_03@2x.jpg 2x\">\n    <\/picture>\n   <\/figure>\n<\/p><\/div>\n<\/div>\n<h2>Dando esperanza a los desesperados practicando el amor por la humanidad<\/h2>\n<p>El amor por la humanidad es el amor por todas las personas. Cada a\u00f1o, la Fundaci\u00f3n Internacional WeLoveU lleva a cabo el Concierto Nueva Vida que contiene el amor por el pr\u00f3jimo desatendido en la comunidad global. En su discurso inaugural, la Presidenta Honoraria Zahng Gil-jah expres\u00f3 su gratitud a todos los que trabajaron juntos para difundir el amor todos los a\u00f1os. Tambi\u00e9n explic\u00f3 que el prop\u00f3sito de este concierto era brindar esperanza al pr\u00f3jimo nacional y extranjero, como las v\u00edctimas del tif\u00f3n en Filipinas, los refugiados clim\u00e1ticos en Banglad\u00e9s, los ni\u00f1os que padecen enfermedades card\u00edacas, enfermedades raras e incurables, as\u00ed como familias multiculturales.<\/p>\n<div class=\"img-grid\">\n<div class=\"img-grid-inner\">\n<figure>\n     <picture class=\"copyright\"><source media=\"(max-width:450px)\" srcset=\"\/wp-content\/themes\/iwf\/images\/posts\/news_131215_04.jpg\"><img decoding=\"async\" src=\"\/wp-content\/themes\/iwf\/images\/posts\/news_131215_04.jpg\"\n       srcset=\"\/wp-content\/themes\/iwf\/images\/posts\/news_131215_04.jpg,\n               \/wp-content\/themes\/iwf\/images\/posts\/news_131215_04@2x.jpg 2x\">\n    <\/picture>\n   <\/figure>\n<figure>\n     <picture class=\"copyright\"><source media=\"(max-width:450px)\" srcset=\"\/wp-content\/themes\/iwf\/images\/posts\/news_131215_05.jpg\"><img decoding=\"async\" src=\"\/wp-content\/themes\/iwf\/images\/posts\/news_131215_05.jpg\"\n       srcset=\"\/wp-content\/themes\/iwf\/images\/posts\/news_131215_05.jpg,\n               \/wp-content\/themes\/iwf\/images\/posts\/news_131215_05@2x.jpg 2x\">\n    <\/picture>\n   <\/figure>\n<figure>\n     <picture class=\"copyright\"><source media=\"(max-width:450px)\" srcset=\"\/wp-content\/themes\/iwf\/images\/posts\/news_131215_06.jpg\"><img decoding=\"async\" src=\"\/wp-content\/themes\/iwf\/images\/posts\/news_131215_06.jpg\"\n       srcset=\"\/wp-content\/themes\/iwf\/images\/posts\/news_131215_06.jpg,\n               \/wp-content\/themes\/iwf\/images\/posts\/news_131215_06@2x.jpg 2x\">\n    <\/picture>\n   <\/figure>\n<figure>\n     <picture class=\"copyright\"><source media=\"(max-width:450px)\" srcset=\"\/wp-content\/themes\/iwf\/images\/posts\/news_131215_07.jpg\"><img decoding=\"async\" src=\"\/wp-content\/themes\/iwf\/images\/posts\/news_131215_07.jpg\"\n       srcset=\"\/wp-content\/themes\/iwf\/images\/posts\/news_131215_07.jpg,\n               \/wp-content\/themes\/iwf\/images\/posts\/news_131215_07@2x.jpg 2x\">\n    <\/picture>\n   <\/figure>\n<\/p><\/div>\n<\/div>\n<p>Se dio una ola de gratitud y apoyo a la Fundaci\u00f3n Internacional WeLoveU, que persigue el amor por la humanidad. El Patrocinador Principal, Lee Soon-jae, entreg\u00f3 un mensaje de aliento que tambi\u00e9n conten\u00eda un mensaje de A\u00f1o Nuevo para los miembros, diciendo: \u201cEl a\u00f1o que viene, realicemos los servicios voluntarios con un amor m\u00e1s profundo y grande\u201d. El Secretario General de la <a href=\"http:\/\/www.philembassy-seoul.com\/index.asp\" rel=\"noopener\" target=\"_blank\">Embajada de Filipinas en Corea<\/a>, Roderico C. Atienza, habl\u00f3 sobre la relaci\u00f3n entre Filipinas y Corea, y expres\u00f3 su agradecimiento a los miembros por su contribuci\u00f3n a la recuperaci\u00f3n de los da\u00f1os causados \u200b\u200bpor el tif\u00f3n en su pa\u00eds. Los diplom\u00e1ticos extranjeros en Corea tambi\u00e9n esperan continuar practicando el amor por la humanidad con la fundaci\u00f3n a trav\u00e9s de actividades consistentes y pr\u00e1cticas.<\/p>\n<div class=\"img-grid\">\n<div class=\"img-grid-inner\">\n<figure>\n     <picture class=\"copyright\"><source media=\"(max-width:450px)\" srcset=\"\/wp-content\/themes\/iwf\/images\/posts\/news_131215_08.jpg\"><img decoding=\"async\" src=\"\/wp-content\/themes\/iwf\/images\/posts\/news_131215_08.jpg\"\n       srcset=\"\/wp-content\/themes\/iwf\/images\/posts\/news_131215_08.jpg,\n               \/wp-content\/themes\/iwf\/images\/posts\/news_131215_08@2x.jpg 2x\">\n    <\/picture>\n   <\/figure>\n<figure>\n     <picture class=\"copyright\"><source media=\"(max-width:450px)\" srcset=\"\/wp-content\/themes\/iwf\/images\/posts\/news_131215_09.jpg\"><img decoding=\"async\" src=\"\/wp-content\/themes\/iwf\/images\/posts\/news_131215_09.jpg\"\n       srcset=\"\/wp-content\/themes\/iwf\/images\/posts\/news_131215_09.jpg,\n               \/wp-content\/themes\/iwf\/images\/posts\/news_131215_09@2x.jpg 2x\">\n    <\/picture>\n   <\/figure>\n<figure>\n     <picture class=\"copyright\"><source media=\"(max-width:450px)\" srcset=\"\/wp-content\/themes\/iwf\/images\/posts\/news_131215_10.jpg\"><img decoding=\"async\" src=\"\/wp-content\/themes\/iwf\/images\/posts\/news_131215_10.jpg\"\n       srcset=\"\/wp-content\/themes\/iwf\/images\/posts\/news_131215_10.jpg,\n               \/wp-content\/themes\/iwf\/images\/posts\/news_131215_10@2x.jpg 2x\">\n    <\/picture>\n   <\/figure>\n<figure>\n     <picture class=\"copyright\"><source media=\"(max-width:450px)\" srcset=\"\/wp-content\/themes\/iwf\/images\/posts\/news_131215_11.jpg\"><img decoding=\"async\" src=\"\/wp-content\/themes\/iwf\/images\/posts\/news_131215_11.jpg\"\n       srcset=\"\/wp-content\/themes\/iwf\/images\/posts\/news_131215_11.jpg,\n               \/wp-content\/themes\/iwf\/images\/posts\/news_131215_11@2x.jpg 2x\">\n    <\/picture>\n   <\/figure>\n<\/p><\/div>\n<\/div>\n<h2>Un lugar de m\u00fasica conmovedor unido a trav\u00e9s del amor por la humanidad<\/h2>\n<p>Se levant\u00f3 el tel\u00f3n y el concierto comenz\u00f3 con el adorable baile del Coro Infantil Nueva Vida. Despu\u00e9s, cantantes veteranos y nuevos presentaron actuaciones apasionadas, cantando sobre el amor y la esperanza, a lo que la audiencia respondi\u00f3 con entusiastas aplausos y v\u00edtores. Baj\u00f3 el tel\u00f3n del concierto, que dur\u00f3 dos horas, mientras el p\u00fablico y los artistas cantaban juntos la canci\u00f3n <i>We Love You<\/i>.<\/p>\n<div class=\"img-grid\">\n<div class=\"img-grid-inner\">\n<figure>\n     <picture class=\"copyright\"><source media=\"(max-width:450px)\" srcset=\"\/wp-content\/themes\/iwf\/images\/posts\/news_131215_12.jpg\"><img decoding=\"async\" src=\"\/wp-content\/themes\/iwf\/images\/posts\/news_131215_12.jpg\"\n       srcset=\"\/wp-content\/themes\/iwf\/images\/posts\/news_131215_12.jpg,\n               \/wp-content\/themes\/iwf\/images\/posts\/news_131215_12@2x.jpg 2x\">\n    <\/picture>\n   <\/figure>\n<figure>\n     <picture class=\"copyright\"><source media=\"(max-width:450px)\" srcset=\"\/wp-content\/themes\/iwf\/images\/posts\/news_131215_13.jpg\"><img decoding=\"async\" src=\"\/wp-content\/themes\/iwf\/images\/posts\/news_131215_13.jpg\"\n       srcset=\"\/wp-content\/themes\/iwf\/images\/posts\/news_131215_13.jpg,\n               \/wp-content\/themes\/iwf\/images\/posts\/news_131215_13@2x.jpg 2x\">\n    <\/picture>\n   <\/figure>\n<figure>\n     <picture class=\"copyright\"><source media=\"(max-width:450px)\" srcset=\"\/wp-content\/themes\/iwf\/images\/posts\/news_131215_14.jpg\"><img decoding=\"async\" src=\"\/wp-content\/themes\/iwf\/images\/posts\/news_131215_14.jpg\"\n       srcset=\"\/wp-content\/themes\/iwf\/images\/posts\/news_131215_14.jpg,\n               \/wp-content\/themes\/iwf\/images\/posts\/news_131215_14@2x.jpg 2x\">\n    <\/picture>\n   <\/figure>\n<figure>\n     <picture class=\"copyright\"><source media=\"(max-width:450px)\" srcset=\"\/wp-content\/themes\/iwf\/images\/posts\/news_131215_15.jpg\"><img decoding=\"async\" src=\"\/wp-content\/themes\/iwf\/images\/posts\/news_131215_15.jpg\"\n       srcset=\"\/wp-content\/themes\/iwf\/images\/posts\/news_131215_15.jpg,\n               \/wp-content\/themes\/iwf\/images\/posts\/news_131215_15@2x.jpg 2x\">\n    <\/picture>\n   <\/figure>\n<\/p><\/div>\n<\/div>\n<p>En este d\u00eda, todos se emocionaron y se volvieron uno en la esperanza, y se enviaron a cada embajada los fondos de ayuda para las v\u00edctimas del tif\u00f3n <a href=\"https:\/\/es.wikipedia.org\/wiki\/Tif%C3%B3n_Haiyan\" rel=\"noopener\" target=\"_blank\">Haiyan<\/a> en Filipinas y los refugiados clim\u00e1ticos en Banglad\u00e9s. Se entregaron donaciones y obsequios a 36 beneficiarios, incluidas familias multiculturales que padecen dificultades econ\u00f3micas y diferencias culturales, y ni\u00f1os que padecen enfermedades card\u00edacas o enfermedades raras e incurables. Los asistentes grabaron el amor por la humanidad en sus corazones y no se contuvieron, sino que dieron fuertes aplausos de aliento.<\/p>\n<p>El p\u00fablico expres\u00f3 sus impresiones sobre el concierto: \u201cFue bueno poder transmitir amor y coraje a nuestro pr\u00f3jimo desfavorecido, y tambi\u00e9n fue bueno verlos recuperar la sonrisa, lo que nos dio inspiraci\u00f3n y energ\u00eda\u201d. Las familias de los beneficiarios dijeron: \u201cSe sinti\u00f3 como una familia, como si hubi\u00e9ramos vuelto a casa\u201d y tambi\u00e9n dijeron: \u201cTrabajaremos duro y viviremos bien. Y as\u00ed como hoy recibimos amor, de ahora en adelante viviremos ayudando a nuestro pr\u00f3jimo que se encuentra en situaciones a\u00fan m\u00e1s dif\u00edciles\u201d.<\/p>\n<figure>\n  <picture class=\"copyright\"><source media=\"(max-width:450px)\" srcset=\"\/wp-content\/themes\/iwf\/images\/posts\/news_131215_16.jpg\"><img decoding=\"async\" src=\"\/wp-content\/themes\/iwf\/images\/posts\/news_131215_16.jpg\"\n    srcset=\"\/wp-content\/themes\/iwf\/images\/posts\/news_131215_16.jpg,\n            \/wp-content\/themes\/iwf\/images\/posts\/news_131215_16@2x.jpg 2x\">\n <\/picture>\n<\/figure>\n<h2>El amor que crea un milagro est\u00e1 unido a la Fundaci\u00f3n Internacional WeLoveU<\/h2>\n<blockquote class=\"line\"><p>\n\u201cLa unidad y la solidaridad son los nobles valores de la humanidad. Me gustar\u00eda expresar mi respeto por la Fundaci\u00f3n Internacional WeLoveU por demostrar una fuerte solidaridad al tomar la iniciativa en ayudar a las personas necesitadas. Hoy, este evento nos acerc\u00f3 a sentir las dificultades de nuestros vecinos en la aldea global, a ayudar a aliviar el dolor de los enfermos y a practicar el amor por la humanidad. Fue un concierto impresionante y sorprendente\u201d.\n<small>Mohamed Ali Nafti, embajador de T\u00fanez en Corea<\/small>\n<\/p><\/blockquote>\n<figure>\n  <picture class=\"copyright\"><source media=\"(max-width:450px)\" srcset=\"\/wp-content\/themes\/iwf\/images\/posts\/news_131215_17.jpg\"><img decoding=\"async\" src=\"\/wp-content\/themes\/iwf\/images\/posts\/news_131215_17.jpg\"\n    srcset=\"\/wp-content\/themes\/iwf\/images\/posts\/news_131215_17.jpg,\n            \/wp-content\/themes\/iwf\/images\/posts\/news_131215_17@2x.jpg 2x\">\n <\/picture>\n<\/figure>\n<p>Los seres humanos no pueden resolver todo solo con la fuerza, pero el amor tiene el poder de superar cualquier crisis. Cuanto m\u00e1s dif\u00edciles son los tiempos, mayor es el milagro. La Fundaci\u00f3n Internacional WeLoveU continuar\u00e1 sus esfuerzos sin descanso, para crear un milagro de nueva esperanza con el amor por la humanidad como base.<\/p>\n","protected":false},"excerpt":{"rendered":"La Fundaci\u00f3n Internacional WeLoveU, que ha estado realizando diversos servicios voluntarios para practicar el amor por la humanidad, volvi\u00f3 a entonar una canci\u00f3n de amor y esperanza. El 15 de diciembre de 2013, la fundaci\u00f3n organiz\u00f3 el 14.\u00ba Concierto Nueva Vida en el Gimnasio de Estudiantes de Se\u00fal. A este evento asistieron la Presidenta Honoraria&#8230;","protected":false},"author":7,"featured_media":825,"comment_status":"closed","ping_status":"closed","sticky":false,"template":"post-type\/post-type-header-wide.php","format":"standard","meta":{"footnotes":""},"categories":[60],"tags":[],"yoast_head":"<!-- This site is optimized with the Yoast SEO plugin v21.9.1 - https:\/\/yoast.com\/wordpress\/plugins\/seo\/ -->\n<title>Canten juntos una canci\u00f3n de amor por la humanidad - Concierto Nueva Vida<\/title>\n<meta name=\"description\" content=\"La Fundaci\u00f3n Internacional WeLoveU comparti\u00f3 el amor por la humanidad a trav\u00e9s del 14.\u00ba Concierto Nueva Vida. Entregaron donaciones a refugiados del tif\u00f3n en Filipinas y refugiados clim\u00e1ticos en Banglad\u00e9s, y tambi\u00e9n a familias multiculturales en Corea.\" \/>\n<meta name=\"robots\" content=\"index, follow, max-snippet:-1, max-image-preview:large, max-video-preview:-1\" \/>\n<link rel=\"canonical\" href=\"https:\/\/newlifeconcert.org\/es\/14th-family-walkathon\/\" \/>\n<meta property=\"og:locale\" content=\"es_ES\" \/>\n<meta property=\"og:type\" content=\"article\" \/>\n<meta property=\"og:title\" content=\"Canten juntos una canci\u00f3n de amor por la humanidad - Concierto Nueva Vida\" \/>\n<meta property=\"og:description\" content=\"La Fundaci\u00f3n Internacional WeLoveU comparti\u00f3 el amor por la humanidad a trav\u00e9s del 14.\u00ba Concierto Nueva Vida. Entregaron donaciones a refugiados del tif\u00f3n en Filipinas y refugiados clim\u00e1ticos en Banglad\u00e9s, y tambi\u00e9n a familias multiculturales en Corea.\" \/>\n<meta property=\"og:url\" content=\"https:\/\/newlifeconcert.org\/es\/14th-family-walkathon\/\" \/>\n<meta property=\"og:site_name\" content=\"Concierto Nueva Vida\" \/>\n<meta property=\"article:published_time\" content=\"2013-12-15T00:00:47+00:00\" \/>\n<meta property=\"article:modified_time\" content=\"2024-05-16T05:47:24+00:00\" \/>\n<meta property=\"og:image\" content=\"https:\/\/newlifeconcert.org\/wp-content\/uploads\/2021\/11\/14th-new-life-concert.jpg\" \/>\n\t<meta property=\"og:image:width\" content=\"1500\" \/>\n\t<meta property=\"og:image:height\" content=\"1000\" \/>\n\t<meta property=\"og:image:type\" content=\"image\/jpeg\" \/>\n<meta name=\"author\" content=\"ss\" \/>\n<meta name=\"twitter:card\" content=\"summary_large_image\" \/>\n<script type=\"application\/ld+json\" class=\"yoast-schema-graph\">{\"@context\":\"https:\/\/schema.org\",\"@graph\":[{\"@type\":\"WebPage\",\"@id\":\"https:\/\/newlifeconcert.org\/es\/14th-family-walkathon\/\",\"url\":\"https:\/\/newlifeconcert.org\/es\/14th-family-walkathon\/\",\"name\":\"Canten juntos una canci\u00f3n de amor por la humanidad - Concierto Nueva Vida\",\"isPartOf\":{\"@id\":\"https:\/\/newlifeconcert.org\/#website\"},\"datePublished\":\"2013-12-15T00:00:47+00:00\",\"dateModified\":\"2024-05-16T05:47:24+00:00\",\"author\":{\"@id\":\"https:\/\/newlifeconcert.org\/#\/schema\/person\/155a09320980992d40f423468f15c74c\"},\"description\":\"La Fundaci\u00f3n Internacional WeLoveU comparti\u00f3 el amor por la humanidad a trav\u00e9s del 14.\u00ba Concierto Nueva Vida. Entregaron donaciones a refugiados del tif\u00f3n en Filipinas y refugiados clim\u00e1ticos en Banglad\u00e9s, y tambi\u00e9n a familias multiculturales en Corea.\",\"breadcrumb\":{\"@id\":\"https:\/\/newlifeconcert.org\/es\/14th-family-walkathon\/#breadcrumb\"},\"inLanguage\":\"es\",\"potentialAction\":[{\"@type\":\"ReadAction\",\"target\":[\"https:\/\/newlifeconcert.org\/es\/14th-family-walkathon\/\"]}]},{\"@type\":\"BreadcrumbList\",\"@id\":\"https:\/\/newlifeconcert.org\/es\/14th-family-walkathon\/#breadcrumb\",\"itemListElement\":[{\"@type\":\"ListItem\",\"position\":1,\"name\":\"Home\",\"item\":\"https:\/\/newlifeconcert.org\/es\/\"},{\"@type\":\"ListItem\",\"position\":2,\"name\":\"Canten juntos una canci\u00f3n de amor por la humanidad\"}]},{\"@type\":\"WebSite\",\"@id\":\"https:\/\/newlifeconcert.org\/#website\",\"url\":\"https:\/\/newlifeconcert.org\/\",\"name\":\"Concierto Nueva Vida\",\"description\":\"\ub2e4\ub978 \uc6cc\ub4dc\ud504\ub798\uc2a4 \uc0ac\uc774\ud2b8\",\"potentialAction\":[{\"@type\":\"SearchAction\",\"target\":{\"@type\":\"EntryPoint\",\"urlTemplate\":\"https:\/\/newlifeconcert.org\/?s={search_term_string}\"},\"query-input\":\"required name=search_term_string\"}],\"inLanguage\":\"es\"},{\"@type\":\"Person\",\"@id\":\"https:\/\/newlifeconcert.org\/#\/schema\/person\/155a09320980992d40f423468f15c74c\",\"name\":\"ss\"}]}<\/script>\n<!-- \/ Yoast SEO plugin. -->","yoast_head_json":{"title":"Canten juntos una canci\u00f3n de amor por la humanidad - Concierto Nueva Vida","description":"La Fundaci\u00f3n Internacional WeLoveU comparti\u00f3 el amor por la humanidad a trav\u00e9s del 14.\u00ba Concierto Nueva Vida. Entregaron donaciones a refugiados del tif\u00f3n en Filipinas y refugiados clim\u00e1ticos en Banglad\u00e9s, y tambi\u00e9n a familias multiculturales en Corea.","robots":{"index":"index","follow":"follow","max-snippet":"max-snippet:-1","max-image-preview":"max-image-preview:large","max-video-preview":"max-video-preview:-1"},"canonical":"https:\/\/newlifeconcert.org\/es\/14th-family-walkathon\/","og_locale":"es_ES","og_type":"article","og_title":"Canten juntos una canci\u00f3n de amor por la humanidad - Concierto Nueva Vida","og_description":"La Fundaci\u00f3n Internacional WeLoveU comparti\u00f3 el amor por la humanidad a trav\u00e9s del 14.\u00ba Concierto Nueva Vida. Entregaron donaciones a refugiados del tif\u00f3n en Filipinas y refugiados clim\u00e1ticos en Banglad\u00e9s, y tambi\u00e9n a familias multiculturales en Corea.","og_url":"https:\/\/newlifeconcert.org\/es\/14th-family-walkathon\/","og_site_name":"Concierto Nueva Vida","article_published_time":"2013-12-15T00:00:47+00:00","article_modified_time":"2024-05-16T05:47:24+00:00","og_image":[{"width":1500,"height":1000,"url":"https:\/\/newlifeconcert.org\/wp-content\/uploads\/2021\/11\/14th-new-life-concert.jpg","type":"image\/jpeg"}],"author":"ss","twitter_card":"summary_large_image","schema":{"@context":"https:\/\/schema.org","@graph":[{"@type":"WebPage","@id":"https:\/\/newlifeconcert.org\/es\/14th-family-walkathon\/","url":"https:\/\/newlifeconcert.org\/es\/14th-family-walkathon\/","name":"Canten juntos una canci\u00f3n de amor por la humanidad - Concierto Nueva Vida","isPartOf":{"@id":"https:\/\/newlifeconcert.org\/#website"},"datePublished":"2013-12-15T00:00:47+00:00","dateModified":"2024-05-16T05:47:24+00:00","author":{"@id":"https:\/\/newlifeconcert.org\/#\/schema\/person\/155a09320980992d40f423468f15c74c"},"description":"La Fundaci\u00f3n Internacional WeLoveU comparti\u00f3 el amor por la humanidad a trav\u00e9s del 14.\u00ba Concierto Nueva Vida. Entregaron donaciones a refugiados del tif\u00f3n en Filipinas y refugiados clim\u00e1ticos en Banglad\u00e9s, y tambi\u00e9n a familias multiculturales en Corea.","breadcrumb":{"@id":"https:\/\/newlifeconcert.org\/es\/14th-family-walkathon\/#breadcrumb"},"inLanguage":"es","potentialAction":[{"@type":"ReadAction","target":["https:\/\/newlifeconcert.org\/es\/14th-family-walkathon\/"]}]},{"@type":"BreadcrumbList","@id":"https:\/\/newlifeconcert.org\/es\/14th-family-walkathon\/#breadcrumb","itemListElement":[{"@type":"ListItem","position":1,"name":"Home","item":"https:\/\/newlifeconcert.org\/es\/"},{"@type":"ListItem","position":2,"name":"Canten juntos una canci\u00f3n de amor por la humanidad"}]},{"@type":"WebSite","@id":"https:\/\/newlifeconcert.org\/#website","url":"https:\/\/newlifeconcert.org\/","name":"Concierto Nueva Vida","description":"\ub2e4\ub978 \uc6cc\ub4dc\ud504\ub798\uc2a4 \uc0ac\uc774\ud2b8","potentialAction":[{"@type":"SearchAction","target":{"@type":"EntryPoint","urlTemplate":"https:\/\/newlifeconcert.org\/?s={search_term_string}"},"query-input":"required name=search_term_string"}],"inLanguage":"es"},{"@type":"Person","@id":"https:\/\/newlifeconcert.org\/#\/schema\/person\/155a09320980992d40f423468f15c74c","name":"ss"}]}},"_links":{"self":[{"href":"https:\/\/newlifeconcert.org\/es\/wp-json\/wp\/v2\/posts\/1334"}],"collection":[{"href":"https:\/\/newlifeconcert.org\/es\/wp-json\/wp\/v2\/posts"}],"about":[{"href":"https:\/\/newlifeconcert.org\/es\/wp-json\/wp\/v2\/types\/post"}],"author":[{"embeddable":true,"href":"https:\/\/newlifeconcert.org\/es\/wp-json\/wp\/v2\/users\/7"}],"replies":[{"embeddable":true,"href":"https:\/\/newlifeconcert.org\/es\/wp-json\/wp\/v2\/comments?post=1334"}],"version-history":[{"count":5,"href":"https:\/\/newlifeconcert.org\/es\/wp-json\/wp\/v2\/posts\/1334\/revisions"}],"predecessor-version":[{"id":1352,"href":"https:\/\/newlifeconcert.org\/es\/wp-json\/wp\/v2\/posts\/1334\/revisions\/1352"}],"wp:featuredmedia":[{"embeddable":true,"href":"https:\/\/newlifeconcert.org\/es\/wp-json\/wp\/v2\/media\/825"}],"wp:attachment":[{"href":"https:\/\/newlifeconcert.org\/es\/wp-json\/wp\/v2\/media?parent=1334"}],"wp:term":[{"taxonomy":"category","embeddable":true,"href":"https:\/\/newlifeconcert.org\/es\/wp-json\/wp\/v2\/categories?post=1334"},{"taxonomy":"post_tag","embeddable":true,"href":"https:\/\/newlifeconcert.org\/es\/wp-json\/wp\/v2\/tags?post=1334"}],"curies":[{"name":"wp","href":"https:\/\/api.w.org\/{rel}","templated":true}]}}