{"id":1316,"date":"2011-12-19T09:00:34","date_gmt":"2011-12-19T00:00:34","guid":{"rendered":"https:\/\/newlifeconcert.org\/12th-new-life-concert\/"},"modified":"2023-01-05T14:53:11","modified_gmt":"2023-01-05T05:53:11","slug":"12th-new-life-concert","status":"publish","type":"post","link":"https:\/\/newlifeconcert.org\/es\/12th-new-life-concert\/","title":{"rendered":"12.\u00ba Concierto Nueva Vida"},"content":{"rendered":"<p>El 19 de diciembre de 2011, se llev\u00f3 a cabo\u00a0el 12.\u00ba Concierto Nueva Vida en el Gimnasio Suwon. M\u00e1s de 9000 personas estuvieron presentes en este evento, incluyendo la Presidenta Honoraria Zahng Gil-jah, miembros del comit\u00e9 de la Fundaci\u00f3n Internacional WeLoveU, el Patrocinador Principal Lee Soon-jae, y Kim Seong-hwan, Embajador de Buena Voluntad de la fundaci\u00f3n, y enviados extranjeros en Corea, gobernadores locales, etc. En el concierto de este a\u00f1o, se entregaron fondos para cubrir gastos m\u00e9dicos y de manutenci\u00f3n a familias de escasos recursos y ni\u00f1os que sufren de enfermedades raras e incurables, y se prometi\u00f3 donar instalaciones educativas a Nepal y Camboya.<\/p>\n<figure>\n  <picture class=\"copyright\"><source media=\"(max-width:450px)\" srcset=\"\/wp-content\/themes\/iwf\/images\/posts\/news_111219_01.jpg\"><img decoding=\"async\" src=\"\/wp-content\/themes\/iwf\/images\/posts\/news_111219_01.jpg\"\n    srcset=\"\/wp-content\/themes\/iwf\/images\/posts\/news_111219_01.jpg,\n            \/wp-content\/themes\/iwf\/images\/posts\/news_111219_01@2x.jpg 2x\">\n <\/picture>\n<\/figure>\n<h2>Bienvenidos al Concierto Nueva Vida<\/h2>\n<p>El 12.\u00ba Concierto Nueva Vida comenz\u00f3 a las 7 p. m. El concierto fue organizado por la Fundaci\u00f3n Internacional WeLoveU y patrocinado por la Ciudad Metropolitana de\u00a0Se\u00fal, la provincia de Gyeonggi, la ciudad de Suwon\u00a0y el Hospital General Sejong. A pesar del fr\u00edo invierno, los miembros de la fundaci\u00f3n llenaron el Gimnasio Suwon.<\/p>\n<figure>\n  <picture class=\"copyright\"><source media=\"(max-width:450px)\" srcset=\"\/wp-content\/themes\/iwf\/images\/posts\/news_111219_02.jpg\"><img decoding=\"async\" src=\"\/wp-content\/themes\/iwf\/images\/posts\/news_111219_02.jpg\"\n    srcset=\"\/wp-content\/themes\/iwf\/images\/posts\/news_111219_02.jpg,\n            \/wp-content\/themes\/iwf\/images\/posts\/news_111219_02@2x.jpg 2x\">\n <\/picture>\n<\/figure>\n<p>La Presidenta Honoraria Zahng Gil-jah cit\u00f3 las palabras de Albert Einstein: \u201cEsfu\u00e9rzate no para ser exitoso, sino m\u00e1s bien para ser un hombre de valor\u201d. Asimismo, anim\u00f3 a los participantes: \u201cNos encontramos en un momento muy dif\u00edcil para vivir, incluso para m\u00ed. Su vida, que est\u00e1n dedicando para los dem\u00e1s, es una vida valiosa\u201d. <\/p>\n<p>Lee Soon-jae, Patrocinador Principal, expres\u00f3 su agradecimiento y elogi\u00f3 a los miembros por su arduo trabajo: \u201cGracias por sus actividades voluntarias con gran amor, incluso en medio de muchas dificultades\u201d. <\/p>\n<div class=\"img-grid\">\n<div class=\"img-grid-inner\">\n<figure>\n     <picture class=\"copyright\"><source media=\"(max-width:450px)\" srcset=\"\/wp-content\/themes\/iwf\/images\/posts\/news_111219_03.jpg\"><img decoding=\"async\" src=\"\/wp-content\/themes\/iwf\/images\/posts\/news_111219_03.jpg\"\n       srcset=\"\/wp-content\/themes\/iwf\/images\/posts\/news_111219_03.jpg,\n               \/wp-content\/themes\/iwf\/images\/posts\/news_111219_03@2x.jpg 2x\">\n    <\/picture>\n   <\/figure>\n<figure>\n     <picture class=\"copyright\"><source media=\"(max-width:450px)\" srcset=\"\/wp-content\/themes\/iwf\/images\/posts\/news_111219_04.jpg\"><img decoding=\"async\" src=\"\/wp-content\/themes\/iwf\/images\/posts\/news_111219_04.jpg\"\n       srcset=\"\/wp-content\/themes\/iwf\/images\/posts\/news_111219_04.jpg,\n               \/wp-content\/themes\/iwf\/images\/posts\/news_111219_04@2x.jpg 2x\">\n    <\/picture>\n   <\/figure>\n<figure>\n     <picture class=\"copyright\"><source media=\"(max-width:450px)\" srcset=\"\/wp-content\/themes\/iwf\/images\/posts\/news_111219_05.jpg\"><img decoding=\"async\" src=\"\/wp-content\/themes\/iwf\/images\/posts\/news_111219_05.jpg\"\n       srcset=\"\/wp-content\/themes\/iwf\/images\/posts\/news_111219_05.jpg,\n               \/wp-content\/themes\/iwf\/images\/posts\/news_111219_05@2x.jpg 2x\">\n    <\/picture>\n   <\/figure>\n<figure>\n     <picture class=\"copyright\"><source media=\"(max-width:450px)\" srcset=\"\/wp-content\/themes\/iwf\/images\/posts\/news_111219_06.jpg\"><img decoding=\"async\" src=\"\/wp-content\/themes\/iwf\/images\/posts\/news_111219_06.jpg\"\n       srcset=\"\/wp-content\/themes\/iwf\/images\/posts\/news_111219_06.jpg,\n               \/wp-content\/themes\/iwf\/images\/posts\/news_111219_06@2x.jpg 2x\">\n    <\/picture>\n   <\/figure>\n<\/p><\/div>\n<\/div>\n<p>Posteriormente, Margaret Clarke-Kwestie, <a href=\"https:\/\/ghanaembassy.or.kr\/en\/\" rel=\"noopener\" target=\"_blank\">embajadora de Ghana en Corea<\/a>, y Nguon Socheath, Consejera de la Embajada de Camboya en Corea, pronunciaron mensajes de felicitaci\u00f3n. Elogiaron mucho las actividades internacionales de la fundaci\u00f3n y apreciaron la ayuda de los miembros para el pr\u00f3jimo y los ni\u00f1os en pa\u00edses que sufren de escasez de agua. En la ceremonia de entrega de donativos, la fundaci\u00f3n entreg\u00f3 fondos para cubrir gastos m\u00e9dicos y de manutenci\u00f3n a 40 familias, entre ellos ni\u00f1os con enfermedades card\u00edacas o enfermedades raras e incurables, familias de escasos recursos y familias multiculturales. Tambi\u00e9n se prometi\u00f3 apoyo educativo para los ni\u00f1os de Camboya y Nepal.<\/p>\n<figure>\n  <picture class=\"copyright\"><source media=\"(max-width:450px)\" srcset=\"\/wp-content\/themes\/iwf\/images\/posts\/news_111219_07.jpg\"><img decoding=\"async\" src=\"\/wp-content\/themes\/iwf\/images\/posts\/news_111219_07.jpg\"\n    srcset=\"\/wp-content\/themes\/iwf\/images\/posts\/news_111219_07.jpg,\n            \/wp-content\/themes\/iwf\/images\/posts\/news_111219_07@2x.jpg 2x\">\n <\/picture>\n<\/figure>\n<h2>Conmovedoras melod\u00edas en la escena del concierto<\/h2>\n<p>La segunda parte del concierto comenz\u00f3 con actuaciones de celebridades como cantantes y actores. Dejando a un lado sus apretadas agendas, presentaron actuaciones grandiosas mostrando su talento. Se levant\u00f3 el tel\u00f3n con los saludos del actor Kim Seong-hwan, quien presidi\u00f3 el concierto y el baile del Coro Infantil Nueva Vida. <\/p>\n<div class=\"img-grid\">\n<div class=\"img-grid-inner\">\n<figure>\n     <picture class=\"copyright\"><source media=\"(max-width:450px)\" srcset=\"\/wp-content\/themes\/iwf\/images\/posts\/news_111219_08.jpg\"><img decoding=\"async\" src=\"\/wp-content\/themes\/iwf\/images\/posts\/news_111219_08.jpg\"\n       srcset=\"\/wp-content\/themes\/iwf\/images\/posts\/news_111219_08.jpg,\n               \/wp-content\/themes\/iwf\/images\/posts\/news_111219_08@2x.jpg 2x\">\n    <\/picture>\n   <\/figure>\n<figure>\n     <picture class=\"copyright\"><source media=\"(max-width:450px)\" srcset=\"\/wp-content\/themes\/iwf\/images\/posts\/news_111219_09.jpg\"><img decoding=\"async\" src=\"\/wp-content\/themes\/iwf\/images\/posts\/news_111219_09.jpg\"\n       srcset=\"\/wp-content\/themes\/iwf\/images\/posts\/news_111219_09.jpg,\n               \/wp-content\/themes\/iwf\/images\/posts\/news_111219_09@2x.jpg 2x\">\n    <\/picture>\n   <\/figure>\n<figure>\n     <picture class=\"copyright\"><source media=\"(max-width:450px)\" srcset=\"\/wp-content\/themes\/iwf\/images\/posts\/news_111219_10.jpg\"><img decoding=\"async\" src=\"\/wp-content\/themes\/iwf\/images\/posts\/news_111219_10.jpg\"\n       srcset=\"\/wp-content\/themes\/iwf\/images\/posts\/news_111219_10.jpg,\n               \/wp-content\/themes\/iwf\/images\/posts\/news_111219_10@2x.jpg 2x\">\n    <\/picture>\n   <\/figure>\n<figure>\n     <picture class=\"copyright\"><source media=\"(max-width:450px)\" srcset=\"\/wp-content\/themes\/iwf\/images\/posts\/news_111219_11.jpg\"><img decoding=\"async\" src=\"\/wp-content\/themes\/iwf\/images\/posts\/news_111219_11.jpg\"\n       srcset=\"\/wp-content\/themes\/iwf\/images\/posts\/news_111219_11.jpg,\n               \/wp-content\/themes\/iwf\/images\/posts\/news_111219_11@2x.jpg 2x\">\n    <\/picture>\n   <\/figure>\n<\/p><\/div>\n<\/div>\n<p>Los cantantes Lee Seung-hoon, Baek Mi-hyeon, Kim Jae-hun, Kim Heung-guk, Kim Seong-hwan y Yun Tae-gyu presentaron diversas actuaciones, como baladas tranquilas y bailes emocionantes. Im Chang-je, del grupo vocal \u201cOnions\u201d, enton\u00f3 canciones del recuerdo, lo que recibi\u00f3 una respuesta entusiasta de la audiencia. Los miembros de la fundaci\u00f3n encendieron su amor por su pr\u00f3jimo a trav\u00e9s de las actuaciones con fuertes v\u00edtores y aplausos.<\/p>\n<figure>\n  <picture class=\"copyright\"><source media=\"(max-width:450px)\" srcset=\"\/wp-content\/themes\/iwf\/images\/posts\/news_111219_12.jpg\"><img decoding=\"async\" src=\"\/wp-content\/themes\/iwf\/images\/posts\/news_111219_12.jpg\"\n    srcset=\"\/wp-content\/themes\/iwf\/images\/posts\/news_111219_12.jpg,\n            \/wp-content\/themes\/iwf\/images\/posts\/news_111219_12@2x.jpg 2x\">\n <\/picture>\n<\/figure>\n<h2>Detr\u00e1s de las escenas del concierto<\/h2>\n<blockquote class=\"line\"><p>\n\u201cEn este momento, su mano de ayuda se convertir\u00e1 en la esperanza de alguien y la luz en la oscuridad de otra persona. Espero que, a trav\u00e9s del Concierto Nueva Vida, podamos entonar las canciones de amor y esperanza y entregar energ\u00eda brillante y esperanzadora para hacer realidad nuestros sue\u00f1os. Estoy agradecida de estar con ustedes, que tienen un coraz\u00f3n c\u00e1lido\u201d.\n<small>Presidenta Honoraria de la Fundaci\u00f3n Internacional WeLoveU, Zahng Gil-jah<\/small>\n<\/p><\/blockquote>\n<p>Tal como lo deseaba la Presidenta Honoraria Zahng Gil-jah, todos los participantes se sintieron conmovidos por las actuaciones y las sinceras manos de ayuda. El jefe de una familia multicultural de Filipinas dijo: \u201cLo pasamos muy bien en este evento conmovedor. Criaremos a nuestros hijos para ayudar a otras personas. Nunca olvidaremos el amor que hemos recibido hoy y seremos una familia feliz\u201d. Kajal, de Banglad\u00e9s, expres\u00f3 su gratitud a los miembros de la fundaci\u00f3n por su preocupaci\u00f3n y amor: \u201cDesde que llegu\u00e9 a Corea hace diez a\u00f1os, he tenido momentos dif\u00edciles tanto mental como f\u00edsicamente, pero pude acostumbrarme a mi vida aqu\u00ed con la ayuda de mi pr\u00f3jimo\u201d.<\/p>\n<figure>\n  <picture class=\"copyright\"><source media=\"(max-width:450px)\" srcset=\"\/wp-content\/themes\/iwf\/images\/posts\/news_111219_13.jpg\"><img decoding=\"async\" src=\"\/wp-content\/themes\/iwf\/images\/posts\/news_111219_13.jpg\"\n    srcset=\"\/wp-content\/themes\/iwf\/images\/posts\/news_111219_13.jpg,\n            \/wp-content\/themes\/iwf\/images\/posts\/news_111219_13@2x.jpg 2x\">\n <\/picture>\n<\/figure>\n<p>Como dijo el cantante Im Chang-je: \u201cTodos los que est\u00e1n aqu\u00ed son los que comparten el amor desde el fondo de sus corazones\u201d, los participantes estaban unidos al pensar en su pr\u00f3jimo. Aunque acab\u00f3 el concierto, las melod\u00edas de amor y esperanza se han grabado en el coraz\u00f3n de todos.<\/p>\n<figure>\n  <picture class=\"copyright\"><source media=\"(max-width:450px)\" srcset=\"\/wp-content\/themes\/iwf\/images\/posts\/news_111219_14.jpg\"><img decoding=\"async\" src=\"\/wp-content\/themes\/iwf\/images\/posts\/news_111219_14.jpg\"\n    srcset=\"\/wp-content\/themes\/iwf\/images\/posts\/news_111219_14.jpg,\n            \/wp-content\/themes\/iwf\/images\/posts\/news_111219_14@2x.jpg 2x\">\n <\/picture>\n<\/figure>\n","protected":false},"excerpt":{"rendered":"El 19 de diciembre de 2011, se llev\u00f3 a cabo\u00a0el 12.\u00ba Concierto Nueva Vida en el Gimnasio Suwon. M\u00e1s de 9000 personas estuvieron presentes en este evento, incluyendo la Presidenta Honoraria Zahng Gil-jah, miembros del comit\u00e9 de la Fundaci\u00f3n Internacional WeLoveU, el Patrocinador Principal Lee Soon-jae, y Kim Seong-hwan, Embajador de Buena Voluntad de la&#8230;","protected":false},"author":7,"featured_media":951,"comment_status":"closed","ping_status":"closed","sticky":false,"template":"","format":"standard","meta":{"footnotes":""},"categories":[60],"tags":[],"yoast_head":"<!-- This site is optimized with the Yoast SEO plugin v21.9.1 - https:\/\/yoast.com\/wordpress\/plugins\/seo\/ -->\n<title>12.\u00ba Concierto Nueva Vida - Concierto Nueva Vida<\/title>\n<meta name=\"description\" content=\"A trav\u00e9s del 12.\u00ba Concierto Nueva Vida el 19 de diciembre de 2011, la Fundaci\u00f3n Internacional WeLoveU ayud\u00f3 con los gastos m\u00e9dicos y de manutenci\u00f3n de ni\u00f1os que padec\u00edan enfermedades incurables y familias multiculturales, y proporcion\u00f3 instalaciones educativas a Nepal y Camboya.\" \/>\n<meta name=\"robots\" content=\"index, follow, max-snippet:-1, max-image-preview:large, max-video-preview:-1\" \/>\n<link rel=\"canonical\" href=\"https:\/\/newlifeconcert.org\/es\/12th-new-life-concert\/\" \/>\n<meta property=\"og:locale\" content=\"es_ES\" \/>\n<meta property=\"og:type\" content=\"article\" \/>\n<meta property=\"og:title\" content=\"12.\u00ba Concierto Nueva Vida - Concierto Nueva Vida\" \/>\n<meta property=\"og:description\" content=\"A trav\u00e9s del 12.\u00ba Concierto Nueva Vida el 19 de diciembre de 2011, la Fundaci\u00f3n Internacional WeLoveU ayud\u00f3 con los gastos m\u00e9dicos y de manutenci\u00f3n de ni\u00f1os que padec\u00edan enfermedades incurables y familias multiculturales, y proporcion\u00f3 instalaciones educativas a Nepal y Camboya.\" \/>\n<meta property=\"og:url\" content=\"https:\/\/newlifeconcert.org\/es\/12th-new-life-concert\/\" \/>\n<meta property=\"og:site_name\" content=\"Concierto Nueva Vida\" \/>\n<meta property=\"article:published_time\" content=\"2011-12-19T00:00:34+00:00\" \/>\n<meta property=\"article:modified_time\" content=\"2023-01-05T05:53:11+00:00\" \/>\n<meta property=\"og:image\" content=\"https:\/\/newlifeconcert.org\/wp-content\/uploads\/2021\/11\/12th-new-life-concert.jpg\" \/>\n\t<meta property=\"og:image:width\" content=\"1500\" \/>\n\t<meta property=\"og:image:height\" content=\"998\" \/>\n\t<meta property=\"og:image:type\" content=\"image\/jpeg\" \/>\n<meta name=\"author\" content=\"ss\" \/>\n<meta name=\"twitter:card\" content=\"summary_large_image\" \/>\n<script type=\"application\/ld+json\" class=\"yoast-schema-graph\">{\"@context\":\"https:\/\/schema.org\",\"@graph\":[{\"@type\":\"WebPage\",\"@id\":\"https:\/\/newlifeconcert.org\/es\/12th-new-life-concert\/\",\"url\":\"https:\/\/newlifeconcert.org\/es\/12th-new-life-concert\/\",\"name\":\"12.\u00ba Concierto Nueva Vida - Concierto Nueva Vida\",\"isPartOf\":{\"@id\":\"https:\/\/newlifeconcert.org\/#website\"},\"datePublished\":\"2011-12-19T00:00:34+00:00\",\"dateModified\":\"2023-01-05T05:53:11+00:00\",\"author\":{\"@id\":\"https:\/\/newlifeconcert.org\/#\/schema\/person\/155a09320980992d40f423468f15c74c\"},\"description\":\"A trav\u00e9s del 12.\u00ba Concierto Nueva Vida el 19 de diciembre de 2011, la Fundaci\u00f3n Internacional WeLoveU ayud\u00f3 con los gastos m\u00e9dicos y de manutenci\u00f3n de ni\u00f1os que padec\u00edan enfermedades incurables y familias multiculturales, y proporcion\u00f3 instalaciones educativas a Nepal y Camboya.\",\"breadcrumb\":{\"@id\":\"https:\/\/newlifeconcert.org\/es\/12th-new-life-concert\/#breadcrumb\"},\"inLanguage\":\"es\",\"potentialAction\":[{\"@type\":\"ReadAction\",\"target\":[\"https:\/\/newlifeconcert.org\/es\/12th-new-life-concert\/\"]}]},{\"@type\":\"BreadcrumbList\",\"@id\":\"https:\/\/newlifeconcert.org\/es\/12th-new-life-concert\/#breadcrumb\",\"itemListElement\":[{\"@type\":\"ListItem\",\"position\":1,\"name\":\"Home\",\"item\":\"https:\/\/newlifeconcert.org\/es\/\"},{\"@type\":\"ListItem\",\"position\":2,\"name\":\"12.\u00ba Concierto Nueva Vida\"}]},{\"@type\":\"WebSite\",\"@id\":\"https:\/\/newlifeconcert.org\/#website\",\"url\":\"https:\/\/newlifeconcert.org\/\",\"name\":\"Concierto Nueva Vida\",\"description\":\"\ub2e4\ub978 \uc6cc\ub4dc\ud504\ub798\uc2a4 \uc0ac\uc774\ud2b8\",\"potentialAction\":[{\"@type\":\"SearchAction\",\"target\":{\"@type\":\"EntryPoint\",\"urlTemplate\":\"https:\/\/newlifeconcert.org\/?s={search_term_string}\"},\"query-input\":\"required name=search_term_string\"}],\"inLanguage\":\"es\"},{\"@type\":\"Person\",\"@id\":\"https:\/\/newlifeconcert.org\/#\/schema\/person\/155a09320980992d40f423468f15c74c\",\"name\":\"ss\"}]}<\/script>\n<!-- \/ Yoast SEO plugin. -->","yoast_head_json":{"title":"12.\u00ba Concierto Nueva Vida - Concierto Nueva Vida","description":"A trav\u00e9s del 12.\u00ba Concierto Nueva Vida el 19 de diciembre de 2011, la Fundaci\u00f3n Internacional WeLoveU ayud\u00f3 con los gastos m\u00e9dicos y de manutenci\u00f3n de ni\u00f1os que padec\u00edan enfermedades incurables y familias multiculturales, y proporcion\u00f3 instalaciones educativas a Nepal y Camboya.","robots":{"index":"index","follow":"follow","max-snippet":"max-snippet:-1","max-image-preview":"max-image-preview:large","max-video-preview":"max-video-preview:-1"},"canonical":"https:\/\/newlifeconcert.org\/es\/12th-new-life-concert\/","og_locale":"es_ES","og_type":"article","og_title":"12.\u00ba Concierto Nueva Vida - Concierto Nueva Vida","og_description":"A trav\u00e9s del 12.\u00ba Concierto Nueva Vida el 19 de diciembre de 2011, la Fundaci\u00f3n Internacional WeLoveU ayud\u00f3 con los gastos m\u00e9dicos y de manutenci\u00f3n de ni\u00f1os que padec\u00edan enfermedades incurables y familias multiculturales, y proporcion\u00f3 instalaciones educativas a Nepal y Camboya.","og_url":"https:\/\/newlifeconcert.org\/es\/12th-new-life-concert\/","og_site_name":"Concierto Nueva Vida","article_published_time":"2011-12-19T00:00:34+00:00","article_modified_time":"2023-01-05T05:53:11+00:00","og_image":[{"width":1500,"height":998,"url":"https:\/\/newlifeconcert.org\/wp-content\/uploads\/2021\/11\/12th-new-life-concert.jpg","type":"image\/jpeg"}],"author":"ss","twitter_card":"summary_large_image","schema":{"@context":"https:\/\/schema.org","@graph":[{"@type":"WebPage","@id":"https:\/\/newlifeconcert.org\/es\/12th-new-life-concert\/","url":"https:\/\/newlifeconcert.org\/es\/12th-new-life-concert\/","name":"12.\u00ba Concierto Nueva Vida - Concierto Nueva Vida","isPartOf":{"@id":"https:\/\/newlifeconcert.org\/#website"},"datePublished":"2011-12-19T00:00:34+00:00","dateModified":"2023-01-05T05:53:11+00:00","author":{"@id":"https:\/\/newlifeconcert.org\/#\/schema\/person\/155a09320980992d40f423468f15c74c"},"description":"A trav\u00e9s del 12.\u00ba Concierto Nueva Vida el 19 de diciembre de 2011, la Fundaci\u00f3n Internacional WeLoveU ayud\u00f3 con los gastos m\u00e9dicos y de manutenci\u00f3n de ni\u00f1os que padec\u00edan enfermedades incurables y familias multiculturales, y proporcion\u00f3 instalaciones educativas a Nepal y Camboya.","breadcrumb":{"@id":"https:\/\/newlifeconcert.org\/es\/12th-new-life-concert\/#breadcrumb"},"inLanguage":"es","potentialAction":[{"@type":"ReadAction","target":["https:\/\/newlifeconcert.org\/es\/12th-new-life-concert\/"]}]},{"@type":"BreadcrumbList","@id":"https:\/\/newlifeconcert.org\/es\/12th-new-life-concert\/#breadcrumb","itemListElement":[{"@type":"ListItem","position":1,"name":"Home","item":"https:\/\/newlifeconcert.org\/es\/"},{"@type":"ListItem","position":2,"name":"12.\u00ba Concierto Nueva Vida"}]},{"@type":"WebSite","@id":"https:\/\/newlifeconcert.org\/#website","url":"https:\/\/newlifeconcert.org\/","name":"Concierto Nueva Vida","description":"\ub2e4\ub978 \uc6cc\ub4dc\ud504\ub798\uc2a4 \uc0ac\uc774\ud2b8","potentialAction":[{"@type":"SearchAction","target":{"@type":"EntryPoint","urlTemplate":"https:\/\/newlifeconcert.org\/?s={search_term_string}"},"query-input":"required name=search_term_string"}],"inLanguage":"es"},{"@type":"Person","@id":"https:\/\/newlifeconcert.org\/#\/schema\/person\/155a09320980992d40f423468f15c74c","name":"ss"}]}},"_links":{"self":[{"href":"https:\/\/newlifeconcert.org\/es\/wp-json\/wp\/v2\/posts\/1316"}],"collection":[{"href":"https:\/\/newlifeconcert.org\/es\/wp-json\/wp\/v2\/posts"}],"about":[{"href":"https:\/\/newlifeconcert.org\/es\/wp-json\/wp\/v2\/types\/post"}],"author":[{"embeddable":true,"href":"https:\/\/newlifeconcert.org\/es\/wp-json\/wp\/v2\/users\/7"}],"replies":[{"embeddable":true,"href":"https:\/\/newlifeconcert.org\/es\/wp-json\/wp\/v2\/comments?post=1316"}],"version-history":[{"count":5,"href":"https:\/\/newlifeconcert.org\/es\/wp-json\/wp\/v2\/posts\/1316\/revisions"}],"predecessor-version":[{"id":1544,"href":"https:\/\/newlifeconcert.org\/es\/wp-json\/wp\/v2\/posts\/1316\/revisions\/1544"}],"wp:featuredmedia":[{"embeddable":true,"href":"https:\/\/newlifeconcert.org\/es\/wp-json\/wp\/v2\/media\/951"}],"wp:attachment":[{"href":"https:\/\/newlifeconcert.org\/es\/wp-json\/wp\/v2\/media?parent=1316"}],"wp:term":[{"taxonomy":"category","embeddable":true,"href":"https:\/\/newlifeconcert.org\/es\/wp-json\/wp\/v2\/categories?post=1316"},{"taxonomy":"post_tag","embeddable":true,"href":"https:\/\/newlifeconcert.org\/es\/wp-json\/wp\/v2\/tags?post=1316"}],"curies":[{"name":"wp","href":"https:\/\/api.w.org\/{rel}","templated":true}]}}