{"id":1302,"date":"2010-12-15T09:00:07","date_gmt":"2010-12-15T00:00:07","guid":{"rendered":"https:\/\/newlifeconcert.org\/11th-new-life-concert\/"},"modified":"2022-01-28T09:33:54","modified_gmt":"2022-01-28T00:33:54","slug":"11th-new-life-concert","status":"publish","type":"post","link":"https:\/\/newlifeconcert.org\/es\/11th-new-life-concert\/","title":{"rendered":"La Fundaci\u00f3n Internacional WeLoveU lleva a cabo ayuda humanitaria internacional a trav\u00e9s del Concierto Nueva Vida"},"content":{"rendered":"<p>El 15 de diciembre de 2010, la Fundaci\u00f3n Internacional WeLoveU, que es una organizaci\u00f3n de ayuda internacional, llev\u00f3 a cabo el 11.\u00ba Concierto Nueva Vida. Es un concierto ben\u00e9fico para ayudar a nuestro pr\u00f3jimo en el mundo que sufre de enfermedades, desastres o pobreza. M\u00e1s de 8000 personas se reunieron en el Gimnasio de Estudiantes de Songpa, Se\u00fal, entre ellos la Presidenta Honoraria Zahng Gil-jah; Lee Soon-jae, Patrocinador Principal; C. Mintah Agyemang, Ministro Consejero y Encargado de Negocios de la Embajada de Ghana en Corea; Park Yeoung-gwan, director del Hospital General Sejong en Bucheon, y miembros de la fundaci\u00f3n. El concierto fue auspiciado por el Ministerio de Salud y Bienestar Social, la Municipalidad de Se\u00fal, la Agencia de Trabajo Juvenil de Corea, el Hospital General Sejong en Bucheon y Sisa Media del diario <i>JoongAng<\/i>.<\/p>\n<figure>\n  <picture class=\"copyright\"><source media=\"(max-width:450px)\" srcset=\"\/wp-content\/themes\/iwf\/images\/posts\/news_101215_01.jpg\"><img decoding=\"async\" src=\"\/wp-content\/themes\/iwf\/images\/posts\/news_101215_01.jpg\"\n    srcset=\"\/wp-content\/themes\/iwf\/images\/posts\/news_101215_01.jpg,\n            \/wp-content\/themes\/iwf\/images\/posts\/news_101215_01@2x.jpg 2x\">\n <\/picture>\n<\/figure>\n<h2>La Fundaci\u00f3n Internacional WeLoveU se ha convertido en una organizaci\u00f3n de ayuda internacional y apoya a los vecinos y refugiados desfavorecidos en Corea y el extranjero<\/h2>\n<p>La Fundaci\u00f3n Internacional WeLoveU, que comenz\u00f3 con el nombre de Fundaci\u00f3n de Bienestar Nueva Vida, se est\u00e1 convirtiendo en una organizaci\u00f3n de ayuda internacional. Realiza actividades de ayuda internacional para el bienestar social, la educaci\u00f3n, la vida y el apoyo m\u00e9dico en 34 pa\u00edses, incluyendo Corea, y tambi\u00e9n lleva a cabo campa\u00f1as a gran escala como el Movimiento Mundial Clean WORLD y la Campa\u00f1a de Donaci\u00f3n de Sangre en Todo el Mundo. Adem\u00e1s, este a\u00f1o, a trav\u00e9s del Concierto Nueva Vida, la fundaci\u00f3n ayud\u00f3 a pa\u00edses vecinos, como Asia y \u00c1frica. Desde el a\u00f1o 2000, el Concierto Nueva Vida se celebra todos los a\u00f1os, y brinda apoyo a familias desfavorecidas y ni\u00f1os que sufren de enfermedades incurables en Corea.<\/p>\n<div class=\"img-grid\">\n<div class=\"img-grid-inner\">\n<figure>\n     <picture class=\"copyright\"><source media=\"(max-width:450px)\" srcset=\"\/wp-content\/themes\/iwf\/images\/posts\/news_101215_02.jpg\"><img decoding=\"async\" src=\"\/wp-content\/themes\/iwf\/images\/posts\/news_101215_02.jpg\"\n       srcset=\"\/wp-content\/themes\/iwf\/images\/posts\/news_101215_02.jpg,\n               \/wp-content\/themes\/iwf\/images\/posts\/news_101215_02@2x.jpg 2x\">\n    <\/picture>\n   <\/figure>\n<figure>\n     <picture class=\"copyright\"><source media=\"(max-width:450px)\" srcset=\"\/wp-content\/themes\/iwf\/images\/posts\/news_101215_03.jpg\"><img decoding=\"async\" src=\"\/wp-content\/themes\/iwf\/images\/posts\/news_101215_03.jpg\"\n       srcset=\"\/wp-content\/themes\/iwf\/images\/posts\/news_101215_03.jpg,\n               \/wp-content\/themes\/iwf\/images\/posts\/news_101215_03@2x.jpg 2x\">\n    <\/picture>\n   <\/figure>\n<figure>\n     <picture class=\"copyright\"><source media=\"(max-width:450px)\" srcset=\"\/wp-content\/themes\/iwf\/images\/posts\/news_101215_04.jpg\"><img decoding=\"async\" src=\"\/wp-content\/themes\/iwf\/images\/posts\/news_101215_04.jpg\"\n       srcset=\"\/wp-content\/themes\/iwf\/images\/posts\/news_101215_04.jpg,\n               \/wp-content\/themes\/iwf\/images\/posts\/news_101215_04@2x.jpg 2x\">\n    <\/picture>\n   <\/figure>\n<figure>\n     <picture class=\"copyright\"><source media=\"(max-width:450px)\" srcset=\"\/wp-content\/themes\/iwf\/images\/posts\/news_101215_05.jpg\"><img decoding=\"async\" src=\"\/wp-content\/themes\/iwf\/images\/posts\/news_101215_05.jpg\"\n       srcset=\"\/wp-content\/themes\/iwf\/images\/posts\/news_101215_05.jpg,\n               \/wp-content\/themes\/iwf\/images\/posts\/news_101215_05@2x.jpg 2x\">\n    <\/picture>\n   <\/figure>\n<figure>\n     <picture class=\"copyright\"><source media=\"(max-width:450px)\" srcset=\"\/wp-content\/themes\/iwf\/images\/posts\/news_101215_06.jpg\"><img decoding=\"async\" src=\"\/wp-content\/themes\/iwf\/images\/posts\/news_101215_06.jpg\"\n       srcset=\"\/wp-content\/themes\/iwf\/images\/posts\/news_101215_06.jpg,\n               \/wp-content\/themes\/iwf\/images\/posts\/news_101215_06@2x.jpg 2x\">\n    <\/picture>\n   <\/figure>\n<figure>\n     <picture class=\"copyright\"><source media=\"(max-width:450px)\" srcset=\"\/wp-content\/themes\/iwf\/images\/posts\/news_101215_07.jpg\"><img decoding=\"async\" src=\"\/wp-content\/themes\/iwf\/images\/posts\/news_101215_07.jpg\"\n       srcset=\"\/wp-content\/themes\/iwf\/images\/posts\/news_101215_07.jpg,\n               \/wp-content\/themes\/iwf\/images\/posts\/news_101215_07@2x.jpg 2x\">\n    <\/picture>\n   <\/figure>\n<\/p><\/div>\n<\/div>\n<p>La Presidenta Honoraria Zahng Gil-jah expres\u00f3 su esperanza de extender la asistencia internacional a trav\u00e9s del concierto: \u201cLa Fundaci\u00f3n Internacional WeLoveU ha entonado c\u00e1nticos de amor y esperanza, y ha llevado muchos buenos frutos. Entonaremos c\u00e1nticos para muchas m\u00e1s personas\u201d. Ryu Tae-yeong, presidente de la Fundaci\u00f3n del Ma\u00f1ana para la Juventud Coreana y el Desarrollo Rural, reflexion\u00f3 sobre el pasado, \u00e9poca en la que Corea atraves\u00f3 dificultades econ\u00f3micas, y agradeci\u00f3 el esfuerzo de la fundaci\u00f3n dirigido a la ayuda internacional. En su mensaje de felicitaci\u00f3n, declar\u00f3: \u201cCorea ahora apoya a otros estados, y la Fundaci\u00f3n Internacional WeLoveU est\u00e1 entregando el amor de Corea a todas las naciones\u201d.<\/p>\n<figure>\n  <picture class=\"copyright\"><source media=\"(max-width:450px)\" srcset=\"\/wp-content\/themes\/iwf\/images\/posts\/news_101215_08.jpg\"><img decoding=\"async\" src=\"\/wp-content\/themes\/iwf\/images\/posts\/news_101215_08.jpg\"\n    srcset=\"\/wp-content\/themes\/iwf\/images\/posts\/news_101215_08.jpg,\n            \/wp-content\/themes\/iwf\/images\/posts\/news_101215_08@2x.jpg 2x\">\n <\/picture>\n<\/figure>\n<p>Posteriormente, comenz\u00f3 la ceremonia de donaci\u00f3n. La donaci\u00f3n total de 200 millones de wones se destinar\u00e1 a la ayuda internacional para las v\u00edctimas de la <a href=\"https:\/\/es.wikipedia.org\/wiki\/Monte_Merapi\">erupci\u00f3n volc\u00e1nica del monte Merapi<\/a> de Indonesia, las v\u00edctimas de la inundaci\u00f3n de Pakist\u00e1n y ni\u00f1os africanos que sufren de enfermedades. Los ni\u00f1os con enfermedades raras e incurables y las familias multiculturales tambi\u00e9n recibir\u00e1n asistencia con los gastos m\u00e9dicos y de manutenci\u00f3n.<\/p>\n<figure>\n  <picture class=\"copyright\"><source media=\"(max-width:450px)\" srcset=\"\/wp-content\/themes\/iwf\/images\/posts\/news_101215_09.jpg\"><img decoding=\"async\" src=\"\/wp-content\/themes\/iwf\/images\/posts\/news_101215_09.jpg\"\n    srcset=\"\/wp-content\/themes\/iwf\/images\/posts\/news_101215_09.jpg,\n            \/wp-content\/themes\/iwf\/images\/posts\/news_101215_09@2x.jpg 2x\">\n <\/picture>\n<\/figure>\n<h2>La uni\u00f3n hace palpitar el coraz\u00f3n<\/h2>\n<p>La segunda parte del evento comenz\u00f3 con fuertes aplausos para un futuro esperanzador de la aldea global mediante actividades de ayuda internacional. Despu\u00e9s de la ingeniosa presentaci\u00f3n del actor Kim Seong-hwan, el concierto continu\u00f3 con las apasionadas actuaciones de los cantantes Lee Seung-hoon, Kim Min-gyo, Baek Mi-hyeon, Kim Jae-hun, Yun Tae-gyu, el d\u00fao Sunflower, Ye Song-yi y el Coro Infantil Nueva Vida.<\/p>\n<div class=\"img-grid\">\n<div class=\"img-grid-inner\">\n<figure>\n     <picture class=\"copyright\"><source media=\"(max-width:450px)\" srcset=\"\/wp-content\/themes\/iwf\/images\/posts\/news_101215_10.jpg\"><img decoding=\"async\" src=\"\/wp-content\/themes\/iwf\/images\/posts\/news_101215_10.jpg\"\n       srcset=\"\/wp-content\/themes\/iwf\/images\/posts\/news_101215_10.jpg,\n               \/wp-content\/themes\/iwf\/images\/posts\/news_101215_10@2x.jpg 2x\">\n    <\/picture>\n   <\/figure>\n<figure>\n     <picture class=\"copyright\"><source media=\"(max-width:450px)\" srcset=\"\/wp-content\/themes\/iwf\/images\/posts\/news_101215_11.jpg\"><img decoding=\"async\" src=\"\/wp-content\/themes\/iwf\/images\/posts\/news_101215_11.jpg\"\n       srcset=\"\/wp-content\/themes\/iwf\/images\/posts\/news_101215_11.jpg,\n               \/wp-content\/themes\/iwf\/images\/posts\/news_101215_11@2x.jpg 2x\">\n    <\/picture>\n   <\/figure>\n<figure>\n     <picture class=\"copyright\"><source media=\"(max-width:450px)\" srcset=\"\/wp-content\/themes\/iwf\/images\/posts\/news_101215_12.jpg\"><img decoding=\"async\" src=\"\/wp-content\/themes\/iwf\/images\/posts\/news_101215_12.jpg\"\n       srcset=\"\/wp-content\/themes\/iwf\/images\/posts\/news_101215_12.jpg,\n               \/wp-content\/themes\/iwf\/images\/posts\/news_101215_12@2x.jpg 2x\">\n    <\/picture>\n   <\/figure>\n<figure>\n     <picture class=\"copyright\"><source media=\"(max-width:450px)\" srcset=\"\/wp-content\/themes\/iwf\/images\/posts\/news_101215_13.jpg\"><img decoding=\"async\" src=\"\/wp-content\/themes\/iwf\/images\/posts\/news_101215_13.jpg\"\n       srcset=\"\/wp-content\/themes\/iwf\/images\/posts\/news_101215_13.jpg,\n               \/wp-content\/themes\/iwf\/images\/posts\/news_101215_13@2x.jpg 2x\">\n    <\/picture>\n   <\/figure>\n<figure>\n     <picture class=\"copyright\"><source media=\"(max-width:450px)\" srcset=\"\/wp-content\/themes\/iwf\/images\/posts\/news_101215_14.jpg\"><img decoding=\"async\" src=\"\/wp-content\/themes\/iwf\/images\/posts\/news_101215_14.jpg\"\n       srcset=\"\/wp-content\/themes\/iwf\/images\/posts\/news_101215_14.jpg,\n               \/wp-content\/themes\/iwf\/images\/posts\/news_101215_14@2x.jpg 2x\">\n    <\/picture>\n   <\/figure>\n<figure>\n     <picture class=\"copyright\"><source media=\"(max-width:450px)\" srcset=\"\/wp-content\/themes\/iwf\/images\/posts\/news_101215_15.jpg\"><img decoding=\"async\" src=\"\/wp-content\/themes\/iwf\/images\/posts\/news_101215_15.jpg\"\n       srcset=\"\/wp-content\/themes\/iwf\/images\/posts\/news_101215_15.jpg,\n               \/wp-content\/themes\/iwf\/images\/posts\/news_101215_15@2x.jpg 2x\">\n    <\/picture>\n   <\/figure>\n<figure>\n     <picture class=\"copyright\"><source media=\"(max-width:450px)\" srcset=\"\/wp-content\/themes\/iwf\/images\/posts\/news_101215_16.jpg\"><img decoding=\"async\" src=\"\/wp-content\/themes\/iwf\/images\/posts\/news_101215_16.jpg\"\n       srcset=\"\/wp-content\/themes\/iwf\/images\/posts\/news_101215_16.jpg,\n               \/wp-content\/themes\/iwf\/images\/posts\/news_101215_16@2x.jpg 2x\">\n    <\/picture>\n   <\/figure>\n<figure>\n     <picture class=\"copyright\"><source media=\"(max-width:450px)\" srcset=\"\/wp-content\/themes\/iwf\/images\/posts\/news_101215_17.jpg\"><img decoding=\"async\" src=\"\/wp-content\/themes\/iwf\/images\/posts\/news_101215_17.jpg\"\n       srcset=\"\/wp-content\/themes\/iwf\/images\/posts\/news_101215_17.jpg,\n               \/wp-content\/themes\/iwf\/images\/posts\/news_101215_17@2x.jpg 2x\">\n    <\/picture>\n   <\/figure>\n<\/p><\/div>\n<\/div>\n<p>Las familias de los diplom\u00e1ticos en Corea tambi\u00e9n entonaron la canci\u00f3n <i>We Are the World<\/i>. Las conmovedoras letras sobre la creaci\u00f3n de un futuro m\u00e1s brillante para el mundo resonaron en los corazones de los participantes. El p\u00fablico qued\u00f3 profundamente conmovido por las canciones de amor y esperanza durante el concierto de tres horas. Los aplausos y v\u00edtores del auditorio llenaron de calidez el recinto incluso en un fr\u00edo d\u00eda de invierno.<\/p>\n<figure>\n  <picture class=\"copyright\"><source media=\"(max-width:450px)\" srcset=\"\/wp-content\/themes\/iwf\/images\/posts\/news_101215_18.jpg\"><img decoding=\"async\" src=\"\/wp-content\/themes\/iwf\/images\/posts\/news_101215_18.jpg\"\n    srcset=\"\/wp-content\/themes\/iwf\/images\/posts\/news_101215_18.jpg,\n            \/wp-content\/themes\/iwf\/images\/posts\/news_101215_18@2x.jpg 2x\">\n <\/picture>\n<\/figure>\n<h2>Ayuda internacional con el coraz\u00f3n de una madre<\/h2>\n<p>Un beneficiario que sali\u00f3 del hospital despu\u00e9s de mucho tiempo de luchar contra su enfermedad, dijo con una gran sonrisa: \u201cLa enfermedad incluso afect\u00f3 mi coraz\u00f3n, por lo que era reacio a relacionarme con las personas. Sin embargo, hoy he pasado un buen momento\u201d. \nUna estudiante cuya madre cuida a su hermano menor en el hospital expres\u00f3 su gratitud: \u201cGracias por ayudar a mi familia con un coraz\u00f3n c\u00e1lido como el de mi madre\u201d.<\/p>\n<blockquote class=\"line\"><p>\u201cExtiendan las manos. Solo ll\u00e1mennos. Cada vez que lo necesiten, estaremos con ustedes.\n\u00a1Con el coraz\u00f3n de una madre, con amor sincero! \nLos amamos con sinceridad. WE LOVE YOU.\u201d\n<small>De la canci\u00f3n <i>We Love You<\/i><\/small><\/p><\/blockquote>\n<p>Tal como sugiere la canci\u00f3n <i>We Love You<\/i>, la Fundaci\u00f3n Internacional WeLoveU est\u00e1 transmitiendo amor en varios pa\u00edses, considerando a toda la humanidad como parte de una familia unida con el coraz\u00f3n de una madre. Ahora vivimos en una era global en la que conviven personas de diversos pa\u00edses. La fundaci\u00f3n seguir\u00e1 avanzando para favorecer al pr\u00f3jimo en todo el mundo a trav\u00e9s de actividades de ayuda internacional.<\/p>\n<figure>\n  <picture class=\"copyright\"><source media=\"(max-width:450px)\" srcset=\"\/wp-content\/themes\/iwf\/images\/posts\/news_101215_19.jpg\"><img decoding=\"async\" src=\"\/wp-content\/themes\/iwf\/images\/posts\/news_101215_19.jpg\"\n    srcset=\"\/wp-content\/themes\/iwf\/images\/posts\/news_101215_19.jpg,\n            \/wp-content\/themes\/iwf\/images\/posts\/news_101215_19@2x.jpg 2x\">\n <\/picture>\n<\/figure>\n","protected":false},"excerpt":{"rendered":"El 15 de diciembre de 2010, la Fundaci\u00f3n Internacional WeLoveU, que es una organizaci\u00f3n de ayuda internacional, llev\u00f3 a cabo el 11.\u00ba Concierto Nueva Vida. Es un concierto ben\u00e9fico para ayudar a nuestro pr\u00f3jimo en el mundo que sufre de enfermedades, desastres o pobreza. M\u00e1s de 8000 personas se reunieron en el Gimnasio de Estudiantes&#8230;","protected":false},"author":7,"featured_media":1128,"comment_status":"closed","ping_status":"closed","sticky":false,"template":"","format":"standard","meta":{"footnotes":""},"categories":[60],"tags":[],"yoast_head":"<!-- This site is optimized with the Yoast SEO plugin v21.9.1 - https:\/\/yoast.com\/wordpress\/plugins\/seo\/ -->\n<title>La Fundaci\u00f3n Internacional WeLoveU lleva a cabo ayuda humanitaria internacional a trav\u00e9s del Concierto Nueva Vida - Concierto Nueva Vida<\/title>\n<meta name=\"description\" content=\"La Fundaci\u00f3n Internacional WeLoveU, que es una organizaci\u00f3n de ayuda internacional, llev\u00f3 a cabo el 11.\u00ba Concierto Nueva Vida. Este evento benefici\u00f3 a personas con escasos recursos en tres pa\u00edses y a ni\u00f1os nacionales que sufren de enfermedades raras e incurables, familias multiculturales y residentes de la isla Yeonpyeongdo, Corea.\" \/>\n<meta name=\"robots\" content=\"index, follow, max-snippet:-1, max-image-preview:large, max-video-preview:-1\" \/>\n<link rel=\"canonical\" href=\"https:\/\/newlifeconcert.org\/es\/11th-new-life-concert\/\" \/>\n<meta property=\"og:locale\" content=\"es_ES\" \/>\n<meta property=\"og:type\" content=\"article\" \/>\n<meta property=\"og:title\" content=\"La Fundaci\u00f3n Internacional WeLoveU lleva a cabo ayuda humanitaria internacional a trav\u00e9s del Concierto Nueva Vida - Concierto Nueva Vida\" \/>\n<meta property=\"og:description\" content=\"La Fundaci\u00f3n Internacional WeLoveU, que es una organizaci\u00f3n de ayuda internacional, llev\u00f3 a cabo el 11.\u00ba Concierto Nueva Vida. Este evento benefici\u00f3 a personas con escasos recursos en tres pa\u00edses y a ni\u00f1os nacionales que sufren de enfermedades raras e incurables, familias multiculturales y residentes de la isla Yeonpyeongdo, Corea.\" \/>\n<meta property=\"og:url\" content=\"https:\/\/newlifeconcert.org\/es\/11th-new-life-concert\/\" \/>\n<meta property=\"og:site_name\" content=\"Concierto Nueva Vida\" \/>\n<meta property=\"article:published_time\" content=\"2010-12-15T00:00:07+00:00\" \/>\n<meta property=\"article:modified_time\" content=\"2022-01-28T00:33:54+00:00\" \/>\n<meta property=\"og:image\" content=\"https:\/\/newlifeconcert.org\/wp-content\/uploads\/2010\/12\/11th-new-life-concert.jpg\" \/>\n\t<meta property=\"og:image:width\" content=\"1500\" \/>\n\t<meta property=\"og:image:height\" content=\"1310\" \/>\n\t<meta property=\"og:image:type\" content=\"image\/jpeg\" \/>\n<meta name=\"author\" content=\"ss\" \/>\n<meta name=\"twitter:card\" content=\"summary_large_image\" \/>\n<script type=\"application\/ld+json\" class=\"yoast-schema-graph\">{\"@context\":\"https:\/\/schema.org\",\"@graph\":[{\"@type\":\"WebPage\",\"@id\":\"https:\/\/newlifeconcert.org\/es\/11th-new-life-concert\/\",\"url\":\"https:\/\/newlifeconcert.org\/es\/11th-new-life-concert\/\",\"name\":\"La Fundaci\u00f3n Internacional WeLoveU lleva a cabo ayuda humanitaria internacional a trav\u00e9s del Concierto Nueva Vida - Concierto Nueva Vida\",\"isPartOf\":{\"@id\":\"https:\/\/newlifeconcert.org\/#website\"},\"datePublished\":\"2010-12-15T00:00:07+00:00\",\"dateModified\":\"2022-01-28T00:33:54+00:00\",\"author\":{\"@id\":\"https:\/\/newlifeconcert.org\/#\/schema\/person\/155a09320980992d40f423468f15c74c\"},\"description\":\"La Fundaci\u00f3n Internacional WeLoveU, que es una organizaci\u00f3n de ayuda internacional, llev\u00f3 a cabo el 11.\u00ba Concierto Nueva Vida. Este evento benefici\u00f3 a personas con escasos recursos en tres pa\u00edses y a ni\u00f1os nacionales que sufren de enfermedades raras e incurables, familias multiculturales y residentes de la isla Yeonpyeongdo, Corea.\",\"breadcrumb\":{\"@id\":\"https:\/\/newlifeconcert.org\/es\/11th-new-life-concert\/#breadcrumb\"},\"inLanguage\":\"es\",\"potentialAction\":[{\"@type\":\"ReadAction\",\"target\":[\"https:\/\/newlifeconcert.org\/es\/11th-new-life-concert\/\"]}]},{\"@type\":\"BreadcrumbList\",\"@id\":\"https:\/\/newlifeconcert.org\/es\/11th-new-life-concert\/#breadcrumb\",\"itemListElement\":[{\"@type\":\"ListItem\",\"position\":1,\"name\":\"Home\",\"item\":\"https:\/\/newlifeconcert.org\/es\/\"},{\"@type\":\"ListItem\",\"position\":2,\"name\":\"La Fundaci\u00f3n Internacional WeLoveU lleva a cabo ayuda humanitaria internacional a trav\u00e9s del Concierto Nueva Vida\"}]},{\"@type\":\"WebSite\",\"@id\":\"https:\/\/newlifeconcert.org\/#website\",\"url\":\"https:\/\/newlifeconcert.org\/\",\"name\":\"Concierto Nueva Vida\",\"description\":\"\ub2e4\ub978 \uc6cc\ub4dc\ud504\ub798\uc2a4 \uc0ac\uc774\ud2b8\",\"potentialAction\":[{\"@type\":\"SearchAction\",\"target\":{\"@type\":\"EntryPoint\",\"urlTemplate\":\"https:\/\/newlifeconcert.org\/?s={search_term_string}\"},\"query-input\":\"required name=search_term_string\"}],\"inLanguage\":\"es\"},{\"@type\":\"Person\",\"@id\":\"https:\/\/newlifeconcert.org\/#\/schema\/person\/155a09320980992d40f423468f15c74c\",\"name\":\"ss\"}]}<\/script>\n<!-- \/ Yoast SEO plugin. -->","yoast_head_json":{"title":"La Fundaci\u00f3n Internacional WeLoveU lleva a cabo ayuda humanitaria internacional a trav\u00e9s del Concierto Nueva Vida - Concierto Nueva Vida","description":"La Fundaci\u00f3n Internacional WeLoveU, que es una organizaci\u00f3n de ayuda internacional, llev\u00f3 a cabo el 11.\u00ba Concierto Nueva Vida. Este evento benefici\u00f3 a personas con escasos recursos en tres pa\u00edses y a ni\u00f1os nacionales que sufren de enfermedades raras e incurables, familias multiculturales y residentes de la isla Yeonpyeongdo, Corea.","robots":{"index":"index","follow":"follow","max-snippet":"max-snippet:-1","max-image-preview":"max-image-preview:large","max-video-preview":"max-video-preview:-1"},"canonical":"https:\/\/newlifeconcert.org\/es\/11th-new-life-concert\/","og_locale":"es_ES","og_type":"article","og_title":"La Fundaci\u00f3n Internacional WeLoveU lleva a cabo ayuda humanitaria internacional a trav\u00e9s del Concierto Nueva Vida - Concierto Nueva Vida","og_description":"La Fundaci\u00f3n Internacional WeLoveU, que es una organizaci\u00f3n de ayuda internacional, llev\u00f3 a cabo el 11.\u00ba Concierto Nueva Vida. Este evento benefici\u00f3 a personas con escasos recursos en tres pa\u00edses y a ni\u00f1os nacionales que sufren de enfermedades raras e incurables, familias multiculturales y residentes de la isla Yeonpyeongdo, Corea.","og_url":"https:\/\/newlifeconcert.org\/es\/11th-new-life-concert\/","og_site_name":"Concierto Nueva Vida","article_published_time":"2010-12-15T00:00:07+00:00","article_modified_time":"2022-01-28T00:33:54+00:00","og_image":[{"width":1500,"height":1310,"url":"https:\/\/newlifeconcert.org\/wp-content\/uploads\/2010\/12\/11th-new-life-concert.jpg","type":"image\/jpeg"}],"author":"ss","twitter_card":"summary_large_image","schema":{"@context":"https:\/\/schema.org","@graph":[{"@type":"WebPage","@id":"https:\/\/newlifeconcert.org\/es\/11th-new-life-concert\/","url":"https:\/\/newlifeconcert.org\/es\/11th-new-life-concert\/","name":"La Fundaci\u00f3n Internacional WeLoveU lleva a cabo ayuda humanitaria internacional a trav\u00e9s del Concierto Nueva Vida - Concierto Nueva Vida","isPartOf":{"@id":"https:\/\/newlifeconcert.org\/#website"},"datePublished":"2010-12-15T00:00:07+00:00","dateModified":"2022-01-28T00:33:54+00:00","author":{"@id":"https:\/\/newlifeconcert.org\/#\/schema\/person\/155a09320980992d40f423468f15c74c"},"description":"La Fundaci\u00f3n Internacional WeLoveU, que es una organizaci\u00f3n de ayuda internacional, llev\u00f3 a cabo el 11.\u00ba Concierto Nueva Vida. Este evento benefici\u00f3 a personas con escasos recursos en tres pa\u00edses y a ni\u00f1os nacionales que sufren de enfermedades raras e incurables, familias multiculturales y residentes de la isla Yeonpyeongdo, Corea.","breadcrumb":{"@id":"https:\/\/newlifeconcert.org\/es\/11th-new-life-concert\/#breadcrumb"},"inLanguage":"es","potentialAction":[{"@type":"ReadAction","target":["https:\/\/newlifeconcert.org\/es\/11th-new-life-concert\/"]}]},{"@type":"BreadcrumbList","@id":"https:\/\/newlifeconcert.org\/es\/11th-new-life-concert\/#breadcrumb","itemListElement":[{"@type":"ListItem","position":1,"name":"Home","item":"https:\/\/newlifeconcert.org\/es\/"},{"@type":"ListItem","position":2,"name":"La Fundaci\u00f3n Internacional WeLoveU lleva a cabo ayuda humanitaria internacional a trav\u00e9s del Concierto Nueva Vida"}]},{"@type":"WebSite","@id":"https:\/\/newlifeconcert.org\/#website","url":"https:\/\/newlifeconcert.org\/","name":"Concierto Nueva Vida","description":"\ub2e4\ub978 \uc6cc\ub4dc\ud504\ub798\uc2a4 \uc0ac\uc774\ud2b8","potentialAction":[{"@type":"SearchAction","target":{"@type":"EntryPoint","urlTemplate":"https:\/\/newlifeconcert.org\/?s={search_term_string}"},"query-input":"required name=search_term_string"}],"inLanguage":"es"},{"@type":"Person","@id":"https:\/\/newlifeconcert.org\/#\/schema\/person\/155a09320980992d40f423468f15c74c","name":"ss"}]}},"_links":{"self":[{"href":"https:\/\/newlifeconcert.org\/es\/wp-json\/wp\/v2\/posts\/1302"}],"collection":[{"href":"https:\/\/newlifeconcert.org\/es\/wp-json\/wp\/v2\/posts"}],"about":[{"href":"https:\/\/newlifeconcert.org\/es\/wp-json\/wp\/v2\/types\/post"}],"author":[{"embeddable":true,"href":"https:\/\/newlifeconcert.org\/es\/wp-json\/wp\/v2\/users\/7"}],"replies":[{"embeddable":true,"href":"https:\/\/newlifeconcert.org\/es\/wp-json\/wp\/v2\/comments?post=1302"}],"version-history":[{"count":5,"href":"https:\/\/newlifeconcert.org\/es\/wp-json\/wp\/v2\/posts\/1302\/revisions"}],"predecessor-version":[{"id":1442,"href":"https:\/\/newlifeconcert.org\/es\/wp-json\/wp\/v2\/posts\/1302\/revisions\/1442"}],"wp:featuredmedia":[{"embeddable":true,"href":"https:\/\/newlifeconcert.org\/es\/wp-json\/wp\/v2\/media\/1128"}],"wp:attachment":[{"href":"https:\/\/newlifeconcert.org\/es\/wp-json\/wp\/v2\/media?parent=1302"}],"wp:term":[{"taxonomy":"category","embeddable":true,"href":"https:\/\/newlifeconcert.org\/es\/wp-json\/wp\/v2\/categories?post=1302"},{"taxonomy":"post_tag","embeddable":true,"href":"https:\/\/newlifeconcert.org\/es\/wp-json\/wp\/v2\/tags?post=1302"}],"curies":[{"name":"wp","href":"https:\/\/api.w.org\/{rel}","templated":true}]}}