{"id":1293,"date":"2009-12-20T09:00:35","date_gmt":"2009-12-20T00:00:35","guid":{"rendered":"https:\/\/newlifeconcert.org\/10th-new-life-concert\/"},"modified":"2024-08-22T13:39:42","modified_gmt":"2024-08-22T04:39:42","slug":"10th-new-life-concert","status":"publish","type":"post","link":"https:\/\/newlifeconcert.org\/es\/10th-new-life-concert\/","title":{"rendered":"El Concierto Nueva Vida celebra su d\u00e9cimo aniversario, compartiendo el amor de una madre"},"content":{"rendered":"<figure class=\"full-width\">\n <picture class=\"copyright\"><source media=\"(max-width:450px)\" srcset=\"\/wp-content\/themes\/iwf\/images\/posts\/news_091220_01.jpg\"><img decoding=\"async\" src=\"\/wp-content\/themes\/iwf\/images\/posts\/news_091220_01.jpg\" \n   srcset=\"\/wp-content\/themes\/iwf\/images\/posts\/news_091220_01.jpg,\n           \/wp-content\/themes\/iwf\/images\/posts\/news_091220_01@2x.jpg 2x\" alt=\"\">\n <\/picture>\n<\/figure>\n<p>El Concierto Nueva Vida, un concierto ben\u00e9fico anual realizado por la Fundaci\u00f3n Internacional WeLoveU con el amor de una madre, celebr\u00f3 su d\u00e9cimo aniversario.\nGracias al primer concierto celebrado en el a\u00f1o 2000, la fundaci\u00f3n ayud\u00f3 a cubrir los gastos m\u00e9dicos de cinco ni\u00f1os que sufren de enfermedades card\u00edacas y planea apoyar a 40 familias este a\u00f1o. El n\u00famero de voluntarios aument\u00f3, duplicando la cantidad de ayuda que la fundaci\u00f3n pod\u00eda proporcionar, a pesar de las crecientes dificultades econ\u00f3micas provocadas por la pandemia de <a href=\"https:\/\/es.wikipedia.org\/wiki\/Pandemia_de_gripe_A_(H1N1)_de_2009-2010\" target=\"_blank\" rel=\"noopener\">influenza A (H1N1)<\/a>. Veamos m\u00e1s detalladamente el 10.\u00ba Concierto Nueva Vida.<\/p>\n<div class=\"img-grid\">\n<div class=\"img-grid-inner\">\n<figure>\n     <picture class=\"copyright\"><source media=\"(max-width:450px)\" srcset=\"\/wp-content\/themes\/iwf\/images\/posts\/news_091220_02.jpg\"><img decoding=\"async\" src=\"\/wp-content\/themes\/iwf\/images\/posts\/news_091220_02.jpg\"\n       srcset=\"\/wp-content\/themes\/iwf\/images\/posts\/news_091220_02.jpg,\n               \/wp-content\/themes\/iwf\/images\/posts\/news_091220_02@2x.jpg 2x\">\n    <\/picture>\n   <\/figure>\n<figure>\n     <picture class=\"copyright\"><source media=\"(max-width:450px)\" srcset=\"\/wp-content\/themes\/iwf\/images\/posts\/news_091220_03.jpg\"><img decoding=\"async\" src=\"\/wp-content\/themes\/iwf\/images\/posts\/news_091220_03.jpg\"\n       srcset=\"\/wp-content\/themes\/iwf\/images\/posts\/news_091220_03.jpg,\n               \/wp-content\/themes\/iwf\/images\/posts\/news_091220_03@2x.jpg 2x\">\n    <\/picture>\n   <\/figure>\n<\/p><\/div>\n<\/div>\n<h2>El amor de una madre se extiende a todos los rincones<\/h2>\n<p>El 20 de diciembre de 2009, la fundaci\u00f3n celebr\u00f3 el 10.\u00ba Concierto Nueva Vida para compartir el amor de una madre en el <a href=\"https:\/\/www.insiseol.or.kr\/sport\/samsan\/\" target=\"_blank\" rel=\"noopener\">Gimnasio Mundial Samsan<\/a>, Incheon. Cerca de 8000 personas asistieron al concierto: la Presidenta Honoraria de la Fundaci\u00f3n Internacional WeLoveU, Zahng Gil-jah, los directores y miembros de la fundaci\u00f3n, invitados especiales de todos los \u00e1mbitos sociales y muchos residentes. La Presidenta Honoraria Zahng Gil-jah manifest\u00f3 sus deseos: \u201cEspero que en esta hora podamos dar \u00e1nimo y esperanza a nuestro pr\u00f3jimo que est\u00e1 deprimido por el peso de la vida dura, y tomar sus manos con amor y darles un hombro donde puedan apoyarse aunque sea un momento\u201d.<\/p>\n<div class=\"img-grid\">\n<div class=\"img-grid-inner\">\n<figure>\n     <picture class=\"copyright\"><source media=\"(max-width:450px)\" srcset=\"\/wp-content\/themes\/iwf\/images\/posts\/news_091220_04.jpg\"><img decoding=\"async\" src=\"\/wp-content\/themes\/iwf\/images\/posts\/news_091220_04.jpg\"\n       srcset=\"\/wp-content\/themes\/iwf\/images\/posts\/news_091220_04.jpg,\n               \/wp-content\/themes\/iwf\/images\/posts\/news_091220_04@2x.jpg 2x\">\n    <\/picture>\n   <\/figure>\n<figure>\n     <picture class=\"copyright\"><source media=\"(max-width:450px)\" srcset=\"\/wp-content\/themes\/iwf\/images\/posts\/news_091220_05.jpg\"><img decoding=\"async\" src=\"\/wp-content\/themes\/iwf\/images\/posts\/news_091220_05.jpg\"\n       srcset=\"\/wp-content\/themes\/iwf\/images\/posts\/news_091220_05.jpg,\n               \/wp-content\/themes\/iwf\/images\/posts\/news_091220_05@2x.jpg 2x\">\n    <\/picture>\n   <\/figure>\n<figure>\n     <picture class=\"copyright\"><source media=\"(max-width:450px)\" srcset=\"\/wp-content\/themes\/iwf\/images\/posts\/news_091220_06.jpg\"><img decoding=\"async\" src=\"\/wp-content\/themes\/iwf\/images\/posts\/news_091220_06.jpg\"\n       srcset=\"\/wp-content\/themes\/iwf\/images\/posts\/news_091220_06.jpg,\n               \/wp-content\/themes\/iwf\/images\/posts\/news_091220_06@2x.jpg 2x\">\n    <\/picture>\n   <\/figure>\n<figure>\n     <picture class=\"copyright\"><source media=\"(max-width:450px)\" srcset=\"\/wp-content\/themes\/iwf\/images\/posts\/news_091220_07.jpg\"><img decoding=\"async\" src=\"\/wp-content\/themes\/iwf\/images\/posts\/news_091220_07.jpg\"\n       srcset=\"\/wp-content\/themes\/iwf\/images\/posts\/news_091220_07.jpg,\n               \/wp-content\/themes\/iwf\/images\/posts\/news_091220_07@2x.jpg 2x\">\n    <\/picture>\n   <\/figure>\n<figure>\n     <picture class=\"copyright\"><source media=\"(max-width:450px)\" srcset=\"\/wp-content\/themes\/iwf\/images\/posts\/news_091220_08.jpg\"><img decoding=\"async\" src=\"\/wp-content\/themes\/iwf\/images\/posts\/news_091220_08.jpg\"\n       srcset=\"\/wp-content\/themes\/iwf\/images\/posts\/news_091220_08.jpg,\n               \/wp-content\/themes\/iwf\/images\/posts\/news_091220_08@2x.jpg 2x\">\n    <\/picture>\n   <\/figure>\n<figure>\n     <picture class=\"copyright\"><source media=\"(max-width:450px)\" srcset=\"\/wp-content\/themes\/iwf\/images\/posts\/news_091220_09.jpg\"><img decoding=\"async\" src=\"\/wp-content\/themes\/iwf\/images\/posts\/news_091220_09.jpg\"\n       srcset=\"\/wp-content\/themes\/iwf\/images\/posts\/news_091220_09.jpg,\n               \/wp-content\/themes\/iwf\/images\/posts\/news_091220_09@2x.jpg 2x\">\n    <\/picture>\n   <\/figure>\n<\/p><\/div>\n<\/div>\n<p>Los invitados expresaron su agradecimiento a trav\u00e9s de mensajes de felicitaciones a la fundaci\u00f3n por el servicio voluntario internacional con el coraz\u00f3n de una madre. El Patrocinador Principal de la fundaci\u00f3n, Lee Soon-jae, anim\u00f3 a los miembros: \u201cEstoy muy honrado de estar aqu\u00ed como un miembro de la fundaci\u00f3n. Ustedes se dedicaron a ayudar a la gente que lo necesita todo el a\u00f1o. \u00a1Hicieron un excelente trabajo!\u201d. En este d\u00eda se entreg\u00f3 donaciones para gastos m\u00e9dicos y de manutenci\u00f3n a 40 familias necesitadas: ni\u00f1os que sufren de enfermedades raras o incurables, ni\u00f1os pobres sin padres, ni\u00f1os que viven con un solo padre, ni\u00f1os que viven con sus abuelos y familias multiculturales necesitadas.<\/p>\n<figure>\n  <picture class=\"copyright\"><source media=\"(max-width:450px)\" srcset=\"\/wp-content\/themes\/iwf\/images\/posts\/news_091220_10.jpg\"><img decoding=\"async\" src=\"\/wp-content\/themes\/iwf\/images\/posts\/news_091220_10.jpg\"\n    srcset=\"\/wp-content\/themes\/iwf\/images\/posts\/news_091220_10.jpg,\n            \/wp-content\/themes\/iwf\/images\/posts\/news_091220_10@2x.jpg 2x\">\n <\/picture>\n<\/figure>\n<h2>Actuaciones con el amor de una madre: se presenta la nueva canci\u00f3n <i>We Love You<\/i>, para celebrar el d\u00e9cimo aniversario<\/h2>\n<p>La segunda parte del evento comenz\u00f3 con la actuaci\u00f3n de Kim Seong-hwan, Embajador de Buena Voluntad de la fundaci\u00f3n, quien tambi\u00e9n fue el maestro de ceremonias del concierto. Siguiendo el popurr\u00ed de canciones de cuento de hadas del Coro Infantil Nueva Vida, actuaron los cantantes Yun Tae-gyu, Baek Mi-hyeon, Lee Seung-hoon y Kim Min-gyo. Sus actuaciones apasionadas enviaron mensajes de amor y \u00e1nimo a los miembros de la Fundaci\u00f3n Internacional WeLoveU y a su pr\u00f3jimo.<\/p>\n<blockquote class=\"line\"><p>\u201cComo Embajador de Relaciones P\u00fablicas, pens\u00e9 profundamente en c\u00f3mo celebrar el 10.\u00ba Concierto Nueva Vida y presentar una mejor actuaci\u00f3n. Por tal raz\u00f3n, escrib\u00ed la canci\u00f3n <i>We Love You<\/i>. Es divertida y f\u00e1cil de cantar. Espero que este concierto contin\u00fae celebr\u00e1ndose diez o hasta veinte veces m\u00e1s para que participe un mayor n\u00famero de personas y se transmita ese c\u00e1lido amor a nuestro pr\u00f3jimo\u201d.\n<small>Cantante Lee Seung-hun, Embajador de Relaciones P\u00fablicas de la Fundaci\u00f3n Internacional WeLoveU<\/small><\/p><\/blockquote>\n<div class=\"img-grid\">\n<div class=\"img-grid-inner\">\n<figure>\n     <picture class=\"copyright\"><source media=\"(max-width:450px)\" srcset=\"\/wp-content\/themes\/iwf\/images\/posts\/news_091220_11.jpg\"><img decoding=\"async\" src=\"\/wp-content\/themes\/iwf\/images\/posts\/news_091220_11.jpg\"\n       srcset=\"\/wp-content\/themes\/iwf\/images\/posts\/news_091220_11.jpg,\n               \/wp-content\/themes\/iwf\/images\/posts\/news_091220_11@2x.jpg 2x\">\n    <\/picture>\n   <\/figure>\n<figure>\n     <picture class=\"copyright\"><source media=\"(max-width:450px)\" srcset=\"\/wp-content\/themes\/iwf\/images\/posts\/news_091220_12.jpg\"><img decoding=\"async\" src=\"\/wp-content\/themes\/iwf\/images\/posts\/news_091220_12.jpg\"\n       srcset=\"\/wp-content\/themes\/iwf\/images\/posts\/news_091220_12.jpg,\n               \/wp-content\/themes\/iwf\/images\/posts\/news_091220_12@2x.jpg 2x\">\n    <\/picture>\n   <\/figure>\n<figure>\n     <picture class=\"copyright\"><source media=\"(max-width:450px)\" srcset=\"\/wp-content\/themes\/iwf\/images\/posts\/news_091220_13.jpg\"><img decoding=\"async\" src=\"\/wp-content\/themes\/iwf\/images\/posts\/news_091220_13.jpg\"\n       srcset=\"\/wp-content\/themes\/iwf\/images\/posts\/news_091220_13.jpg,\n               \/wp-content\/themes\/iwf\/images\/posts\/news_091220_13@2x.jpg 2x\">\n    <\/picture>\n   <\/figure>\n<figure>\n     <picture class=\"copyright\"><source media=\"(max-width:450px)\" srcset=\"\/wp-content\/themes\/iwf\/images\/posts\/news_091220_14.jpg\"><img decoding=\"async\" src=\"\/wp-content\/themes\/iwf\/images\/posts\/news_091220_14.jpg\"\n       srcset=\"\/wp-content\/themes\/iwf\/images\/posts\/news_091220_14.jpg,\n               \/wp-content\/themes\/iwf\/images\/posts\/news_091220_14@2x.jpg 2x\">\n    <\/picture>\n   <\/figure>\n<\/p><\/div>\n<\/div>\n<p>Los hijos de los diplom\u00e1ticos extranjeros en Corea recibieron fuertes aplausos luego de presentar un coro. Despu\u00e9s de esto, continu\u00f3 la apasionada representaci\u00f3n de los miembros de la fundaci\u00f3n Kim Gyu-min y Kim Jae-hun. El recinto del concierto se llen\u00f3 del ferviente amor de una madre. El evento concluy\u00f3 cuando todos aplaudieron al pr\u00f3jimo de la aldea global, entonando juntos la canci\u00f3n <i>We Love You<\/i>.<\/p>\n<h2>Comentarios de la audiencia<\/h2>\n<p>Una beneficiaria que atraviesa dificultades econ\u00f3micas para mantener a sus nietas, dijo con una amplia sonrisa: \u201cNunca he salido de excursi\u00f3n. Pero hoy estoy muy feliz de estar aqu\u00ed escuchando las historias de los dem\u00e1s y viendo sus agradables representaciones\u201d. Despu\u00e9s del concierto, Gwon Sang-suk (de Gyeyang-gu, Incheon) manifest\u00f3: \u201cEstaba angustiada en casa, pero aqu\u00ed me siento a gusto. Todos los int\u00e9rpretes y el p\u00fablico se ven felices, y siento que recibo mucho amor\u201d.<\/p>\n<figure>\n  <picture class=\"copyright\"><source media=\"(max-width:450px)\" srcset=\"\/wp-content\/themes\/iwf\/images\/posts\/news_091220_15.jpg\"><img decoding=\"async\" src=\"\/wp-content\/themes\/iwf\/images\/posts\/news_091220_15.jpg\"\n    srcset=\"\/wp-content\/themes\/iwf\/images\/posts\/news_091220_15.jpg,\n            \/wp-content\/themes\/iwf\/images\/posts\/news_091220_15@2x.jpg 2x\">\n <\/picture>\n<\/figure>\n<p>Los familiares de los diplom\u00e1ticos extranjeros tambi\u00e9n expresaron que estaban felices de participar en el significativo evento que difundi\u00f3 un mensaje esperanzador al pr\u00f3jimo. La fundaci\u00f3n comenz\u00f3 a apoyar a las familias multiculturales desde el concierto del a\u00f1o pasado, ampliando sus actividades de servicio voluntario. Dado que la felicidad se duplica cuando se comparte, la Fundaci\u00f3n Internacional WeLoveU seguir\u00e1 realizando actividades voluntarias con el amor de una madre mediante diversos servicios en toda la aldea global durante el a\u00f1o nuevo.<\/p>\n<figure>\n  <picture class=\"copyright\"><source media=\"(max-width:450px)\" srcset=\"\/wp-content\/themes\/iwf\/images\/posts\/news_091220_16.jpg\"><img decoding=\"async\" src=\"\/wp-content\/themes\/iwf\/images\/posts\/news_091220_16.jpg\"\n    srcset=\"\/wp-content\/themes\/iwf\/images\/posts\/news_091220_16.jpg,\n            \/wp-content\/themes\/iwf\/images\/posts\/news_091220_16@2x.jpg 2x\">\n <\/picture>\n<\/figure>\n","protected":false},"excerpt":{"rendered":"El Concierto Nueva Vida, un concierto ben\u00e9fico anual realizado por la Fundaci\u00f3n Internacional WeLoveU con el amor de una madre, celebr\u00f3 su d\u00e9cimo aniversario. Gracias al primer concierto celebrado en el a\u00f1o 2000, la fundaci\u00f3n ayud\u00f3 a cubrir los gastos m\u00e9dicos de cinco ni\u00f1os que sufren de enfermedades card\u00edacas y planea apoyar a 40 familias&#8230;","protected":false},"author":7,"featured_media":1124,"comment_status":"closed","ping_status":"closed","sticky":false,"template":"","format":"standard","meta":{"footnotes":""},"categories":[60],"tags":[],"yoast_head":"<!-- This site is optimized with the Yoast SEO plugin v21.9.1 - https:\/\/yoast.com\/wordpress\/plugins\/seo\/ -->\n<title>El Concierto Nueva Vida celebra su d\u00e9cimo aniversario, compartiendo el amor de una madre - Concierto Nueva Vida<\/title>\n<meta name=\"description\" content=\"El 20 de diciembre de 2009, la Fundaci\u00f3n Internacional WeLoveU celebr\u00f3 el 10.\u00ba Concierto Nueva Vida y entreg\u00f3 donaciones para gastos m\u00e9dicos y de manutenci\u00f3n a 40 familias necesitadas.\" \/>\n<meta name=\"robots\" content=\"index, follow, max-snippet:-1, max-image-preview:large, max-video-preview:-1\" \/>\n<link rel=\"canonical\" href=\"https:\/\/newlifeconcert.org\/es\/10th-new-life-concert\/\" \/>\n<meta property=\"og:locale\" content=\"es_ES\" \/>\n<meta property=\"og:type\" content=\"article\" \/>\n<meta property=\"og:title\" content=\"El Concierto Nueva Vida celebra su d\u00e9cimo aniversario, compartiendo el amor de una madre - Concierto Nueva Vida\" \/>\n<meta property=\"og:description\" content=\"El 20 de diciembre de 2009, la Fundaci\u00f3n Internacional WeLoveU celebr\u00f3 el 10.\u00ba Concierto Nueva Vida y entreg\u00f3 donaciones para gastos m\u00e9dicos y de manutenci\u00f3n a 40 familias necesitadas.\" \/>\n<meta property=\"og:url\" content=\"https:\/\/newlifeconcert.org\/es\/10th-new-life-concert\/\" \/>\n<meta property=\"og:site_name\" content=\"Concierto Nueva Vida\" \/>\n<meta property=\"article:published_time\" content=\"2009-12-20T00:00:35+00:00\" \/>\n<meta property=\"article:modified_time\" content=\"2024-08-22T04:39:42+00:00\" \/>\n<meta property=\"og:image\" content=\"https:\/\/newlifeconcert.org\/wp-content\/uploads\/2009\/12\/10th-new-life-concert.jpg\" \/>\n\t<meta property=\"og:image:width\" content=\"1500\" \/>\n\t<meta property=\"og:image:height\" content=\"1310\" \/>\n\t<meta property=\"og:image:type\" content=\"image\/jpeg\" \/>\n<meta name=\"author\" content=\"ss\" \/>\n<meta name=\"twitter:card\" content=\"summary_large_image\" \/>\n<script type=\"application\/ld+json\" class=\"yoast-schema-graph\">{\"@context\":\"https:\/\/schema.org\",\"@graph\":[{\"@type\":\"WebPage\",\"@id\":\"https:\/\/newlifeconcert.org\/es\/10th-new-life-concert\/\",\"url\":\"https:\/\/newlifeconcert.org\/es\/10th-new-life-concert\/\",\"name\":\"El Concierto Nueva Vida celebra su d\u00e9cimo aniversario, compartiendo el amor de una madre - Concierto Nueva Vida\",\"isPartOf\":{\"@id\":\"https:\/\/newlifeconcert.org\/#website\"},\"datePublished\":\"2009-12-20T00:00:35+00:00\",\"dateModified\":\"2024-08-22T04:39:42+00:00\",\"author\":{\"@id\":\"https:\/\/newlifeconcert.org\/#\/schema\/person\/155a09320980992d40f423468f15c74c\"},\"description\":\"El 20 de diciembre de 2009, la Fundaci\u00f3n Internacional WeLoveU celebr\u00f3 el 10.\u00ba Concierto Nueva Vida y entreg\u00f3 donaciones para gastos m\u00e9dicos y de manutenci\u00f3n a 40 familias necesitadas.\",\"breadcrumb\":{\"@id\":\"https:\/\/newlifeconcert.org\/es\/10th-new-life-concert\/#breadcrumb\"},\"inLanguage\":\"es\",\"potentialAction\":[{\"@type\":\"ReadAction\",\"target\":[\"https:\/\/newlifeconcert.org\/es\/10th-new-life-concert\/\"]}]},{\"@type\":\"BreadcrumbList\",\"@id\":\"https:\/\/newlifeconcert.org\/es\/10th-new-life-concert\/#breadcrumb\",\"itemListElement\":[{\"@type\":\"ListItem\",\"position\":1,\"name\":\"Home\",\"item\":\"https:\/\/newlifeconcert.org\/es\/\"},{\"@type\":\"ListItem\",\"position\":2,\"name\":\"El Concierto Nueva Vida celebra su d\u00e9cimo aniversario, compartiendo el amor de una madre\"}]},{\"@type\":\"WebSite\",\"@id\":\"https:\/\/newlifeconcert.org\/#website\",\"url\":\"https:\/\/newlifeconcert.org\/\",\"name\":\"Concierto Nueva Vida\",\"description\":\"\ub2e4\ub978 \uc6cc\ub4dc\ud504\ub798\uc2a4 \uc0ac\uc774\ud2b8\",\"potentialAction\":[{\"@type\":\"SearchAction\",\"target\":{\"@type\":\"EntryPoint\",\"urlTemplate\":\"https:\/\/newlifeconcert.org\/?s={search_term_string}\"},\"query-input\":\"required name=search_term_string\"}],\"inLanguage\":\"es\"},{\"@type\":\"Person\",\"@id\":\"https:\/\/newlifeconcert.org\/#\/schema\/person\/155a09320980992d40f423468f15c74c\",\"name\":\"ss\"}]}<\/script>\n<!-- \/ Yoast SEO plugin. -->","yoast_head_json":{"title":"El Concierto Nueva Vida celebra su d\u00e9cimo aniversario, compartiendo el amor de una madre - Concierto Nueva Vida","description":"El 20 de diciembre de 2009, la Fundaci\u00f3n Internacional WeLoveU celebr\u00f3 el 10.\u00ba Concierto Nueva Vida y entreg\u00f3 donaciones para gastos m\u00e9dicos y de manutenci\u00f3n a 40 familias necesitadas.","robots":{"index":"index","follow":"follow","max-snippet":"max-snippet:-1","max-image-preview":"max-image-preview:large","max-video-preview":"max-video-preview:-1"},"canonical":"https:\/\/newlifeconcert.org\/es\/10th-new-life-concert\/","og_locale":"es_ES","og_type":"article","og_title":"El Concierto Nueva Vida celebra su d\u00e9cimo aniversario, compartiendo el amor de una madre - Concierto Nueva Vida","og_description":"El 20 de diciembre de 2009, la Fundaci\u00f3n Internacional WeLoveU celebr\u00f3 el 10.\u00ba Concierto Nueva Vida y entreg\u00f3 donaciones para gastos m\u00e9dicos y de manutenci\u00f3n a 40 familias necesitadas.","og_url":"https:\/\/newlifeconcert.org\/es\/10th-new-life-concert\/","og_site_name":"Concierto Nueva Vida","article_published_time":"2009-12-20T00:00:35+00:00","article_modified_time":"2024-08-22T04:39:42+00:00","og_image":[{"width":1500,"height":1310,"url":"https:\/\/newlifeconcert.org\/wp-content\/uploads\/2009\/12\/10th-new-life-concert.jpg","type":"image\/jpeg"}],"author":"ss","twitter_card":"summary_large_image","schema":{"@context":"https:\/\/schema.org","@graph":[{"@type":"WebPage","@id":"https:\/\/newlifeconcert.org\/es\/10th-new-life-concert\/","url":"https:\/\/newlifeconcert.org\/es\/10th-new-life-concert\/","name":"El Concierto Nueva Vida celebra su d\u00e9cimo aniversario, compartiendo el amor de una madre - Concierto Nueva Vida","isPartOf":{"@id":"https:\/\/newlifeconcert.org\/#website"},"datePublished":"2009-12-20T00:00:35+00:00","dateModified":"2024-08-22T04:39:42+00:00","author":{"@id":"https:\/\/newlifeconcert.org\/#\/schema\/person\/155a09320980992d40f423468f15c74c"},"description":"El 20 de diciembre de 2009, la Fundaci\u00f3n Internacional WeLoveU celebr\u00f3 el 10.\u00ba Concierto Nueva Vida y entreg\u00f3 donaciones para gastos m\u00e9dicos y de manutenci\u00f3n a 40 familias necesitadas.","breadcrumb":{"@id":"https:\/\/newlifeconcert.org\/es\/10th-new-life-concert\/#breadcrumb"},"inLanguage":"es","potentialAction":[{"@type":"ReadAction","target":["https:\/\/newlifeconcert.org\/es\/10th-new-life-concert\/"]}]},{"@type":"BreadcrumbList","@id":"https:\/\/newlifeconcert.org\/es\/10th-new-life-concert\/#breadcrumb","itemListElement":[{"@type":"ListItem","position":1,"name":"Home","item":"https:\/\/newlifeconcert.org\/es\/"},{"@type":"ListItem","position":2,"name":"El Concierto Nueva Vida celebra su d\u00e9cimo aniversario, compartiendo el amor de una madre"}]},{"@type":"WebSite","@id":"https:\/\/newlifeconcert.org\/#website","url":"https:\/\/newlifeconcert.org\/","name":"Concierto Nueva Vida","description":"\ub2e4\ub978 \uc6cc\ub4dc\ud504\ub798\uc2a4 \uc0ac\uc774\ud2b8","potentialAction":[{"@type":"SearchAction","target":{"@type":"EntryPoint","urlTemplate":"https:\/\/newlifeconcert.org\/?s={search_term_string}"},"query-input":"required name=search_term_string"}],"inLanguage":"es"},{"@type":"Person","@id":"https:\/\/newlifeconcert.org\/#\/schema\/person\/155a09320980992d40f423468f15c74c","name":"ss"}]}},"_links":{"self":[{"href":"https:\/\/newlifeconcert.org\/es\/wp-json\/wp\/v2\/posts\/1293"}],"collection":[{"href":"https:\/\/newlifeconcert.org\/es\/wp-json\/wp\/v2\/posts"}],"about":[{"href":"https:\/\/newlifeconcert.org\/es\/wp-json\/wp\/v2\/types\/post"}],"author":[{"embeddable":true,"href":"https:\/\/newlifeconcert.org\/es\/wp-json\/wp\/v2\/users\/7"}],"replies":[{"embeddable":true,"href":"https:\/\/newlifeconcert.org\/es\/wp-json\/wp\/v2\/comments?post=1293"}],"version-history":[{"count":5,"href":"https:\/\/newlifeconcert.org\/es\/wp-json\/wp\/v2\/posts\/1293\/revisions"}],"predecessor-version":[{"id":1312,"href":"https:\/\/newlifeconcert.org\/es\/wp-json\/wp\/v2\/posts\/1293\/revisions\/1312"}],"wp:featuredmedia":[{"embeddable":true,"href":"https:\/\/newlifeconcert.org\/es\/wp-json\/wp\/v2\/media\/1124"}],"wp:attachment":[{"href":"https:\/\/newlifeconcert.org\/es\/wp-json\/wp\/v2\/media?parent=1293"}],"wp:term":[{"taxonomy":"category","embeddable":true,"href":"https:\/\/newlifeconcert.org\/es\/wp-json\/wp\/v2\/categories?post=1293"},{"taxonomy":"post_tag","embeddable":true,"href":"https:\/\/newlifeconcert.org\/es\/wp-json\/wp\/v2\/tags?post=1293"}],"curies":[{"name":"wp","href":"https:\/\/api.w.org\/{rel}","templated":true}]}}